{"id":15169,"date":"2020-12-25T16:25:29","date_gmt":"2020-12-25T16:25:29","guid":{"rendered":"http:\/\/elterritorialweb.com.ar\/web\/?p=15169"},"modified":"2020-12-25T16:25:29","modified_gmt":"2020-12-25T16:25:29","slug":"boca-vuelve-al-trabajo-pensando-en-huracan","status":"publish","type":"post","link":"https:\/\/elterritorialweb.com.ar\/web\/boca-vuelve-al-trabajo-pensando-en-huracan\/","title":{"rendered":"BOCA VUELVE AL TRABAJO PENSANDO EN HURACAN"},"content":{"rendered":"\n<p>Tras la clasificaci\u00f3n a la semifinal de la Copa Libertadores,\u00a0<strong>Boca<\/strong>\u00a0se prepara para recibir a Hurac\u00e1n, en La Bombonera, por la tercera fecha de la Zona Campeonato A de la Copa Diego Maradona. El Xeneize, que es primero del grupo junto a River y Argentinos Juniors, deber\u00e1 ganar para mantenerse en la pelea.\u00a0<\/p>\n\n\n\n<p>El t\u00e9cnico definir\u00e1 esta tarde a los 11 que el domingo recibir\u00e1n al Globo, por la Copa Diego Maradona, y le dar\u00eda descanso a los que lograron la clasificaci\u00f3n a la semifinal de la Libertadores, ante Racing. As\u00ed, la probable formaci\u00f3n ser\u00eda: Agust\u00edn Rossi; Julio Buffarini, Carlos Zambrano, Gast\u00f3n \u00c1vila, Emmanuel M\u00e1s; Nicol\u00e1s Capaldo; Exequiel Zeballos, Alan Varela, Edwin Cardona; Mauro Z\u00e1rate y Ram\u00f3n \u00c1bila.<\/p>\n\n\n\n<figure class=\"wp-block-image size-large\"><a href=\"https:\/\/i0.wp.com\/elterritorialweb.com.ar\/web\/wp-content\/uploads\/2020\/12\/BOCA-ENTRENAMIENTO.jpg\"><img data-recalc-dims=\"1\" decoding=\"async\" width=\"640\" height=\"424\" data-src=\"https:\/\/i0.wp.com\/elterritorialweb.com.ar\/web\/wp-content\/uploads\/2020\/12\/BOCA-ENTRENAMIENTO.jpg?resize=640%2C424\" alt=\"\" class=\"wp-image-15171 lazyload\" data-srcset=\"https:\/\/i0.wp.com\/elterritorialweb.com.ar\/web\/wp-content\/uploads\/2020\/12\/BOCA-ENTRENAMIENTO.jpg?w=680&amp;ssl=1 680w, https:\/\/i0.wp.com\/elterritorialweb.com.ar\/web\/wp-content\/uploads\/2020\/12\/BOCA-ENTRENAMIENTO.jpg?resize=300%2C199&amp;ssl=1 300w\" data-sizes=\"(max-width: 640px) 100vw, 640px\" src=\"data:image\/svg+xml;base64,PHN2ZyB3aWR0aD0iMSIgaGVpZ2h0PSIxIiB4bWxucz0iaHR0cDovL3d3dy53My5vcmcvMjAwMC9zdmciPjwvc3ZnPg==\" style=\"--smush-placeholder-width: 640px; --smush-placeholder-aspect-ratio: 640\/424;\" \/><\/a><\/figure>\n\n\n\n<p>Tras el d\u00eda libre de ayer, luego de haber obtenido el pasado mi\u00e9rcoles la clasificaci\u00f3n a la semifinal de la Copa Libertadores, el Xeneize retornar\u00e1 a las pr\u00e1cticas a las 17, en el Centro de Entrenamiento de Ezeiza, con la cabeza puesta en el duelo frente a Hurac\u00e1n, por la tercera fecha de la Zona Campeonato A de la Copa Diego Maradona.<\/p>\n","protected":false},"excerpt":{"rendered":"<p>Tras la clasificaci\u00f3n a la semifinal de la Copa Libertadores, el Xeneize se prepara para recibir a Hurac\u00e1n, por la Copa Diego Maradona.<\/p>\n","protected":false},"author":2,"featured_media":15170,"comment_status":"open","ping_status":"open","sticky":false,"template":"","format":"standard","meta":{"om_disable_all_campaigns":false,"_monsterinsights_skip_tracking":false,"_monsterinsights_sitenote_active":false,"_monsterinsights_sitenote_note":"","_monsterinsights_sitenote_category":0,"_uf_show_specific_survey":0,"_uf_disable_surveys":false,"jetpack_post_was_ever_published":false,"_jetpack_newsletter_access":"","_jetpack_dont_email_post_to_subs":false,"_jetpack_newsletter_tier_id":0,"_jetpack_memberships_contains_paywalled_content":false,"_jetpack_memberships_contains_paid_content":false,"footnotes":"","jetpack_publicize_message":"","jetpack_publicize_feature_enabled":true,"jetpack_social_post_already_shared":false,"jetpack_social_options":{"image_generator_settings":{"template":"highway","default_image_id":0,"font":"","enabled":false},"version":2}},"categories":[6],"tags":[],"class_list":["post-15169","post","type-post","status-publish","format-standard","has-post-thumbnail","hentry","category-deportes"],"aioseo_notices":[],"views":5,"jetpack_publicize_connections":[],"jetpack_featured_media_url":"https:\/\/i0.wp.com\/elterritorialweb.com.ar\/web\/wp-content\/uploads\/2020\/12\/BOCA-ENTRENAMIENTO-1.jpg?fit=2048%2C1556&ssl=1","jetpack_sharing_enabled":true,"_links":{"self":[{"href":"https:\/\/elterritorialweb.com.ar\/web\/wp-json\/wp\/v2\/posts\/15169","targetHints":{"allow":["GET"]}}],"collection":[{"href":"https:\/\/elterritorialweb.com.ar\/web\/wp-json\/wp\/v2\/posts"}],"about":[{"href":"https:\/\/elterritorialweb.com.ar\/web\/wp-json\/wp\/v2\/types\/post"}],"author":[{"embeddable":true,"href":"https:\/\/elterritorialweb.com.ar\/web\/wp-json\/wp\/v2\/users\/2"}],"replies":[{"embeddable":true,"href":"https:\/\/elterritorialweb.com.ar\/web\/wp-json\/wp\/v2\/comments?post=15169"}],"version-history":[{"count":1,"href":"https:\/\/elterritorialweb.com.ar\/web\/wp-json\/wp\/v2\/posts\/15169\/revisions"}],"predecessor-version":[{"id":15172,"href":"https:\/\/elterritorialweb.com.ar\/web\/wp-json\/wp\/v2\/posts\/15169\/revisions\/15172"}],"wp:featuredmedia":[{"embeddable":true,"href":"https:\/\/elterritorialweb.com.ar\/web\/wp-json\/wp\/v2\/media\/15170"}],"wp:attachment":[{"href":"https:\/\/elterritorialweb.com.ar\/web\/wp-json\/wp\/v2\/media?parent=15169"}],"wp:term":[{"taxonomy":"category","embeddable":true,"href":"https:\/\/elterritorialweb.com.ar\/web\/wp-json\/wp\/v2\/categories?post=15169"},{"taxonomy":"post_tag","embeddable":true,"href":"https:\/\/elterritorialweb.com.ar\/web\/wp-json\/wp\/v2\/tags?post=15169"}],"curies":[{"name":"wp","href":"https:\/\/api.w.org\/{rel}","templated":true}]}}