{"id":15174,"date":"2020-12-25T23:58:28","date_gmt":"2020-12-25T23:58:28","guid":{"rendered":"http:\/\/elterritorialweb.com.ar\/web\/?p=15174"},"modified":"2020-12-25T23:58:32","modified_gmt":"2020-12-25T23:58:32","slug":"el-cine-renzi-renueva-su-cartelera-con-tres-propuestas-cinematograficas","status":"publish","type":"post","link":"https:\/\/elterritorialweb.com.ar\/web\/el-cine-renzi-renueva-su-cartelera-con-tres-propuestas-cinematograficas\/","title":{"rendered":"EL CINE RENZI RENUEVA SU CARTELERA CON TRES PROPUESTAS CINEMATOGR\u00c1FICAS"},"content":{"rendered":"\n<p>A partir de las 18, se proyectar\u00e1 \u201cUnidos\u201d, que est\u00e1 ambientada en un mundo de fantas\u00eda suburbana, donde dos hermanos elfos adolescentes, Ian y Barley Lightfood, se embarcan en una aventura en la que se proponen descubrir si existe a\u00fan algo de magia en el mundo que les permita pasar un \u00faltimo d\u00eda con su padre, que falleci\u00f3 cuando ellos eran a\u00fan muy peque\u00f1os como para poder recordarlo.\u00a0<\/p>\n\n\n\n<p>A las 20, \u201cSonic: La pel\u00edcula\u201d, que cuenta la historia de Sonic, el descarado erizo azul basado en la famosa serie de videojuegos de Sega, vivir\u00e1 aventuras y desventuras cuando conoce a su amigo humano y polic\u00eda, Tom Wachowski (James Marsden). Sonic y Tom unir\u00e1n sus fuerzas para tratar de detener los planes del malvado Dr. Robotnik (Jim Carrey), que intenta atrapar a Sonic con el fin de emplear sus inmensos poderes para dominar el mundo.<\/p>\n\n\n\n<p>Y a parir de las 22 se podr\u00e1 ver \u201cAvengers: Endgame\u201d. Despu\u00e9s de los eventos devastadores de \u2018Avengers: Infinity War\u2019, el universo est\u00e1 en ruinas debido a las acciones de Thanos, el Tit\u00e1n Loco. Con la ayuda de los aliados que quedaron, los Vengadores deber\u00e1n reunirse una vez m\u00e1s para intentar deshacer sus acciones y restaurar el orden en el universo de una vez por todas, sin importar cu\u00e1les son las consecuencias.<\/p>\n\n\n\n<p>El precio general de las entradas es de $ 160, desde la direcci\u00f3n se recomienda la compra anticipada de las entradas como parte de las medidas dispuestas desde el protocolo de bioseguridad.<\/p>\n","protected":false},"excerpt":{"rendered":"<p>El Cine Teatro Municipal Renzi renueva su cartelera desde el s\u00e1bado 26 hasta el mi\u00e9rcoles 30 con dos pel\u00edculas infantiles, \u201cUnidos\u201d y \u201cSonic: La pel\u00edcula\u201d y la aclamada producci\u00f3n de Marvel \u201cAvengers: Endgame\u201d.<\/p>\n","protected":false},"author":2,"featured_media":15175,"comment_status":"open","ping_status":"open","sticky":false,"template":"","format":"standard","meta":{"om_disable_all_campaigns":false,"_monsterinsights_skip_tracking":false,"_monsterinsights_sitenote_active":false,"_monsterinsights_sitenote_note":"","_monsterinsights_sitenote_category":0,"_uf_show_specific_survey":0,"_uf_disable_surveys":false,"jetpack_post_was_ever_published":false,"_jetpack_newsletter_access":"","_jetpack_dont_email_post_to_subs":false,"_jetpack_newsletter_tier_id":0,"_jetpack_memberships_contains_paywalled_content":false,"_jetpack_memberships_contains_paid_content":false,"footnotes":"","jetpack_publicize_message":"","jetpack_publicize_feature_enabled":true,"jetpack_social_post_already_shared":false,"jetpack_social_options":{"image_generator_settings":{"template":"highway","default_image_id":0,"font":"","enabled":false},"version":2}},"categories":[20],"tags":[],"class_list":["post-15174","post","type-post","status-publish","format-standard","has-post-thumbnail","hentry","category-especysociales"],"aioseo_notices":[],"views":6,"jetpack_publicize_connections":[],"jetpack_featured_media_url":"https:\/\/i0.wp.com\/elterritorialweb.com.ar\/web\/wp-content\/uploads\/2020\/12\/cine-renzi.jpeg?fit=715%2C446&ssl=1","jetpack_sharing_enabled":true,"_links":{"self":[{"href":"https:\/\/elterritorialweb.com.ar\/web\/wp-json\/wp\/v2\/posts\/15174","targetHints":{"allow":["GET"]}}],"collection":[{"href":"https:\/\/elterritorialweb.com.ar\/web\/wp-json\/wp\/v2\/posts"}],"about":[{"href":"https:\/\/elterritorialweb.com.ar\/web\/wp-json\/wp\/v2\/types\/post"}],"author":[{"embeddable":true,"href":"https:\/\/elterritorialweb.com.ar\/web\/wp-json\/wp\/v2\/users\/2"}],"replies":[{"embeddable":true,"href":"https:\/\/elterritorialweb.com.ar\/web\/wp-json\/wp\/v2\/comments?post=15174"}],"version-history":[{"count":1,"href":"https:\/\/elterritorialweb.com.ar\/web\/wp-json\/wp\/v2\/posts\/15174\/revisions"}],"predecessor-version":[{"id":15176,"href":"https:\/\/elterritorialweb.com.ar\/web\/wp-json\/wp\/v2\/posts\/15174\/revisions\/15176"}],"wp:featuredmedia":[{"embeddable":true,"href":"https:\/\/elterritorialweb.com.ar\/web\/wp-json\/wp\/v2\/media\/15175"}],"wp:attachment":[{"href":"https:\/\/elterritorialweb.com.ar\/web\/wp-json\/wp\/v2\/media?parent=15174"}],"wp:term":[{"taxonomy":"category","embeddable":true,"href":"https:\/\/elterritorialweb.com.ar\/web\/wp-json\/wp\/v2\/categories?post=15174"},{"taxonomy":"post_tag","embeddable":true,"href":"https:\/\/elterritorialweb.com.ar\/web\/wp-json\/wp\/v2\/tags?post=15174"}],"curies":[{"name":"wp","href":"https:\/\/api.w.org\/{rel}","templated":true}]}}