{"id":15185,"date":"2020-12-26T15:02:50","date_gmt":"2020-12-26T15:02:50","guid":{"rendered":"http:\/\/elterritorialweb.com.ar\/web\/?p=15185"},"modified":"2020-12-26T15:02:51","modified_gmt":"2020-12-26T15:02:51","slug":"beccacece-anuncio-que-se-va-de-racing-cuando-finalice-la-copa-diego-armando-maradona","status":"publish","type":"post","link":"https:\/\/elterritorialweb.com.ar\/web\/beccacece-anuncio-que-se-va-de-racing-cuando-finalice-la-copa-diego-armando-maradona\/","title":{"rendered":"BECCACECE ANUNCI\u00d3 QUE SE VA DE RACING CUANDO FINALICE LA COPA DIEGO ARMANDO MARADONA"},"content":{"rendered":"\n<p><strong>Sebasti\u00e1n Beccacece<\/strong>, director t\u00e9cnico\u00a0<strong>Racing<\/strong>, pidi\u00f3 hablar en conferencia de prensa este s\u00e1bado y\u00a0<strong>anunci\u00f3 que no seguir\u00e1 en su cargo luego de finalizar la Copa Diego Armando Maradona<\/strong>.<\/p>\n\n\n\n<p>Tras la salida de&nbsp;<strong>Diego Milito&nbsp;<\/strong>como Secretario T\u00e9cnico, que fue a despedirse este s\u00e1bado, el entrenador de La Academia decidi\u00f3 irse junto con quien lo trajo.<\/p>\n\n\n\n<p><em>\u00abComo saben, Diego anunci\u00f3 su salida definitiva de su espacio y\u00a0<strong>eso me lleva seguir ese camino<\/strong>. Hemos decidido con el cuerpo t\u00e9cnico, se lo he informado a V\u00edctor, al plantel y ahora a los hinchas y socios de Racing,\u00a0<strong>que no vamos a continuar en la instituci\u00f3n cuando terminen los tres partidos que quedan\u00bb,<\/strong><\/em>expres\u00f3 Beccacece ante los medios.\u00a0<strong><em>\u00abLo digo con dolor porque tengo un grupo muy leal, que admiro much\u00edsimo\u00bb<\/em>,<\/strong>\u00a0a\u00f1adi\u00f3.\u00a0<\/p>\n\n\n\n<p>El entrenador lleg\u00f3 luego de&nbsp;<strong>un flojo paso por Independiente&nbsp;<\/strong>y, tras dos igualdades en sus primeros dos partidos comenz\u00f3 a estar en el ojo de la tormenta nuevamente. Sin embargo, en su tercer juego&nbsp;<strong>le gan\u00f3 el cl\u00e1sico al Rojo en uno de los encuentros m\u00e1s emotivos de los \u00faltimos a\u00f1os<\/strong>. Con dos jugadores menos durante todo el segundo tiempo<strong>, La Academia encontr\u00f3 la victoria por 1-0 sobre el final.<\/strong><\/p>\n\n\n\n<p>En total<strong>&nbsp;dirigi\u00f3 26 partidos, gan\u00f3 11, empat\u00f3 7 y perdi\u00f3 8. Su equipo anot\u00f3 28 goles y recibi\u00f3 30<\/strong>. Finaliz\u00f3 tercero en la tabla general de la&nbsp;<strong>Superliga&nbsp;<\/strong>y la primera fecha de la&nbsp;<strong>Copa de la Superliga,<\/strong>&nbsp;por lo que logr\u00f3 la clasificaci\u00f3n a la&nbsp;<strong>Copa Libertadores 2021<\/strong>. En la edici\u00f3n 2020, termin\u00f3 segundo con 15 puntos en el grupo y&nbsp;<strong>en octavos de final elimin\u00f3 por penales a Flamengo,<\/strong>&nbsp;\u00faltimo campe\u00f3n, pero&nbsp;<strong>en cuartos qued\u00f3 afuera con Boca,<\/strong>&nbsp;dejando una imagen floja.<\/p>\n","protected":false},"excerpt":{"rendered":"<p>En medio de la crisis por la eliminaci\u00f3n en la Copa Libertadores y la salida de Diego Milito, el entrenador de La Academia comunic\u00f3 ante los medios que no continuar\u00e1 en su cargo.<\/p>\n","protected":false},"author":2,"featured_media":15186,"comment_status":"open","ping_status":"open","sticky":false,"template":"","format":"standard","meta":{"om_disable_all_campaigns":false,"_monsterinsights_skip_tracking":false,"_monsterinsights_sitenote_active":false,"_monsterinsights_sitenote_note":"","_monsterinsights_sitenote_category":0,"_uf_show_specific_survey":0,"_uf_disable_surveys":false,"jetpack_post_was_ever_published":false,"_jetpack_newsletter_access":"","_jetpack_dont_email_post_to_subs":false,"_jetpack_newsletter_tier_id":0,"_jetpack_memberships_contains_paywalled_content":false,"_jetpack_memberships_contains_paid_content":false,"footnotes":"","jetpack_publicize_message":"","jetpack_publicize_feature_enabled":true,"jetpack_social_post_already_shared":false,"jetpack_social_options":{"image_generator_settings":{"template":"highway","default_image_id":0,"font":"","enabled":false},"version":2}},"categories":[6],"tags":[],"class_list":["post-15185","post","type-post","status-publish","format-standard","has-post-thumbnail","hentry","category-deportes"],"aioseo_notices":[],"views":10,"jetpack_publicize_connections":[],"jetpack_featured_media_url":"https:\/\/i0.wp.com\/elterritorialweb.com.ar\/web\/wp-content\/uploads\/2020\/12\/BECCACECE.jpg?fit=680%2C508&ssl=1","jetpack_sharing_enabled":true,"_links":{"self":[{"href":"https:\/\/elterritorialweb.com.ar\/web\/wp-json\/wp\/v2\/posts\/15185","targetHints":{"allow":["GET"]}}],"collection":[{"href":"https:\/\/elterritorialweb.com.ar\/web\/wp-json\/wp\/v2\/posts"}],"about":[{"href":"https:\/\/elterritorialweb.com.ar\/web\/wp-json\/wp\/v2\/types\/post"}],"author":[{"embeddable":true,"href":"https:\/\/elterritorialweb.com.ar\/web\/wp-json\/wp\/v2\/users\/2"}],"replies":[{"embeddable":true,"href":"https:\/\/elterritorialweb.com.ar\/web\/wp-json\/wp\/v2\/comments?post=15185"}],"version-history":[{"count":1,"href":"https:\/\/elterritorialweb.com.ar\/web\/wp-json\/wp\/v2\/posts\/15185\/revisions"}],"predecessor-version":[{"id":15187,"href":"https:\/\/elterritorialweb.com.ar\/web\/wp-json\/wp\/v2\/posts\/15185\/revisions\/15187"}],"wp:featuredmedia":[{"embeddable":true,"href":"https:\/\/elterritorialweb.com.ar\/web\/wp-json\/wp\/v2\/media\/15186"}],"wp:attachment":[{"href":"https:\/\/elterritorialweb.com.ar\/web\/wp-json\/wp\/v2\/media?parent=15185"}],"wp:term":[{"taxonomy":"category","embeddable":true,"href":"https:\/\/elterritorialweb.com.ar\/web\/wp-json\/wp\/v2\/categories?post=15185"},{"taxonomy":"post_tag","embeddable":true,"href":"https:\/\/elterritorialweb.com.ar\/web\/wp-json\/wp\/v2\/tags?post=15185"}],"curies":[{"name":"wp","href":"https:\/\/api.w.org\/{rel}","templated":true}]}}