{"id":15188,"date":"2020-12-26T15:33:08","date_gmt":"2020-12-26T15:33:08","guid":{"rendered":"http:\/\/elterritorialweb.com.ar\/web\/?p=15188"},"modified":"2020-12-26T15:33:08","modified_gmt":"2020-12-26T15:33:08","slug":"mensaje-de-navidad-el-papa-francisco-pide-a-los-paises-que-compartan-la-vacuna-del-coronavirus","status":"publish","type":"post","link":"https:\/\/elterritorialweb.com.ar\/web\/mensaje-de-navidad-el-papa-francisco-pide-a-los-paises-que-compartan-la-vacuna-del-coronavirus\/","title":{"rendered":"MENSAJE DE NAVIDAD: EL PAPA FRANCISCO PIDE A LOS PAISES QUE COMPARTAN LA VACUNA DEL CORONAVIRUS"},"content":{"rendered":"\n<p>\u00abHoy, en este tiempo de oscuridad e incertidumbre durante la pandemia, aparecen varias luces de esperanza, como el descubrimiento de las vacunas (\u2026) deben estar a disposici\u00f3n de todos\u00bb, dijo el viernes el papa durante su tradicional mensaje Urbi et Orbi (a la ciudad y el mundo) en el Vaticano.<\/p>\n\n\n\n<p>\u00abRuego a todos los encargados de los estados, de las empresas empresas, de organismos internacionales (\u2026) que promuevan la cooperaci\u00f3n y no la competencia, y que busquen una soluci\u00f3n para todos, vacunas para todos, especialmente para los m\u00e1s vulnerables y necesitados en todas las regiones del mundo\u00bb, dijo.<\/p>\n\n\n\n<figure class=\"wp-block-image size-large\"><a href=\"https:\/\/i0.wp.com\/elterritorialweb.com.ar\/web\/wp-content\/uploads\/2020\/12\/2020-12-26-8.png\"><img data-recalc-dims=\"1\" decoding=\"async\" width=\"640\" height=\"360\" data-src=\"https:\/\/i0.wp.com\/elterritorialweb.com.ar\/web\/wp-content\/uploads\/2020\/12\/2020-12-26-8.png?resize=640%2C360\" alt=\"\" class=\"wp-image-15190 lazyload\" data-srcset=\"https:\/\/i0.wp.com\/elterritorialweb.com.ar\/web\/wp-content\/uploads\/2020\/12\/2020-12-26-8.png?w=744&amp;ssl=1 744w, https:\/\/i0.wp.com\/elterritorialweb.com.ar\/web\/wp-content\/uploads\/2020\/12\/2020-12-26-8.png?resize=300%2C169&amp;ssl=1 300w\" data-sizes=\"(max-width: 640px) 100vw, 640px\" src=\"data:image\/svg+xml;base64,PHN2ZyB3aWR0aD0iMSIgaGVpZ2h0PSIxIiB4bWxucz0iaHR0cDovL3d3dy53My5vcmcvMjAwMC9zdmciPjwvc3ZnPg==\" style=\"--smush-placeholder-width: 640px; --smush-placeholder-aspect-ratio: 640\/360;\" \/><\/a><\/figure>\n\n\n\n<p>El papa Francisco pidi\u00f3 \u00abgenerosidad y apoyo\u00bb, particularmente hacia quienes se encuentran desempleados, a quienes enfrentan privaciones y violencia dom\u00e9stica durante la pandemia.<\/p>\n\n\n\n<p>Francisco habl\u00f3 desde el Palacio Apost\u00f3lico del Vaticano y no desde su balc\u00f3n con vista a la Plaza de San Pedro, desde donde tradicionalmente emite el discurso.<\/p>\n\n\n\n<p>El l\u00edder de la Iglesia Cat\u00f3lica tambi\u00e9n utiliz\u00f3 el mensaje del d\u00eda de Navidad para pedir el fin de los conflictos en Oriente Medio y \u00c1frica, as\u00ed como un alivio del sufrimiento en todo el continente americano.<\/p>\n\n\n\n<p>El papa tambi\u00e9n celebr\u00f3 el jueves una misa de Nochebuena con escasa asistencia en la parte trasera de la Bas\u00edlica de San Pedro.<\/p>\n\n\n\n<p>Debido a las restricciones por el covid-19, solo 200 personas estuvieron presentes, incluidos 30 cardenales.<\/p>\n\n\n\n<p>La misa de Nochebuena es un evento hist\u00f3rico en la Ciudad del Vaticano. Por lo general, se lleva a cabo en la secci\u00f3n principal de la bas\u00edlica, seg\u00fan Reuters, y generalmente atrae hasta 10.000 personas.<\/p>\n\n\n\n<p>Todos, excepto el papa y los que cantaban en el coro, llevaban mascarillas. El evento termin\u00f3 antes de lo habitual para que la gente pudiera regresar a casa antes del toque de queda nacional de las 10 p.m. en Italia.<\/p>\n\n\n\n<p>Este a\u00f1o, el papa Francisco destac\u00f3 la importancia de ayudar a los necesitados, se\u00f1alando en su homil\u00eda que Jes\u00fas naci\u00f3 como un marginado.<\/p>\n\n\n\n<p>\u00abEl hijo de Dios naci\u00f3 descartado para decirnos que toda persona descarta es un hijo de Dios\u00bb, dijo.<\/p>\n\n\n\n<p>La bendici\u00f3n del viernes concluye un a\u00f1o silencioso para el papa Francisco, cuyas actividades se han visto fuertemente restringidas por la pandemia.<\/p>\n\n\n\n<figure class=\"wp-block-image size-large\"><a href=\"https:\/\/i0.wp.com\/elterritorialweb.com.ar\/web\/wp-content\/uploads\/2020\/12\/2020-12-26-7-1.png\"><img data-recalc-dims=\"1\" decoding=\"async\" width=\"640\" height=\"359\" data-src=\"https:\/\/i0.wp.com\/elterritorialweb.com.ar\/web\/wp-content\/uploads\/2020\/12\/2020-12-26-7-1.png?resize=640%2C359\" alt=\"\" class=\"wp-image-15191 lazyload\" data-srcset=\"https:\/\/i0.wp.com\/elterritorialweb.com.ar\/web\/wp-content\/uploads\/2020\/12\/2020-12-26-7-1.png?w=716&amp;ssl=1 716w, https:\/\/i0.wp.com\/elterritorialweb.com.ar\/web\/wp-content\/uploads\/2020\/12\/2020-12-26-7-1.png?resize=300%2C168&amp;ssl=1 300w\" data-sizes=\"(max-width: 640px) 100vw, 640px\" src=\"data:image\/svg+xml;base64,PHN2ZyB3aWR0aD0iMSIgaGVpZ2h0PSIxIiB4bWxucz0iaHR0cDovL3d3dy53My5vcmcvMjAwMC9zdmciPjwvc3ZnPg==\" style=\"--smush-placeholder-width: 640px; --smush-placeholder-aspect-ratio: 640\/359;\" \/><\/a><\/figure>\n\n\n\n<p>De marzo a septiembre, hizo en l\u00ednea sus audiencias regulares de los mi\u00e9rcoles. En la primavera celebr\u00f3 la misa del Domingo de Ramos en una iglesia vac\u00eda.<\/p>\n\n\n\n<p>Italia fue uno de los pa\u00edses m\u00e1s afectados durante la primera ola del covid-19 en Europa. El gobierno del pa\u00eds aplic\u00f3 el nivel m\u00e1s estricto de medidas frente al coronavirus durante el periodo de Navidad y A\u00f1o Nuevo. El objetivo es evitar una tercera ola.<\/p>\n","protected":false},"excerpt":{"rendered":"<p>El papa Francisco utiliz\u00f3 su mensaje de Navidad para decir que las vacunas contra el coronavirus deben estar disponibles para todos y suplic\u00f3 a los pa\u00edses que cooperen en la carrera para salir de la pandemia.<\/p>\n","protected":false},"author":2,"featured_media":15189,"comment_status":"open","ping_status":"open","sticky":false,"template":"","format":"standard","meta":{"om_disable_all_campaigns":false,"_monsterinsights_skip_tracking":false,"_monsterinsights_sitenote_active":false,"_monsterinsights_sitenote_note":"","_monsterinsights_sitenote_category":0,"_uf_show_specific_survey":0,"_uf_disable_surveys":false,"jetpack_post_was_ever_published":false,"_jetpack_newsletter_access":"","_jetpack_dont_email_post_to_subs":false,"_jetpack_newsletter_tier_id":0,"_jetpack_memberships_contains_paywalled_content":false,"_jetpack_memberships_contains_paid_content":false,"footnotes":"","jetpack_publicize_message":"","jetpack_publicize_feature_enabled":true,"jetpack_social_post_already_shared":false,"jetpack_social_options":{"image_generator_settings":{"template":"highway","default_image_id":0,"font":"","enabled":false},"version":2}},"categories":[10],"tags":[],"class_list":["post-15188","post","type-post","status-publish","format-standard","has-post-thumbnail","hentry","category-internacionales"],"aioseo_notices":[],"views":7,"jetpack_publicize_connections":[],"jetpack_featured_media_url":"https:\/\/i0.wp.com\/elterritorialweb.com.ar\/web\/wp-content\/uploads\/2020\/12\/2020-12-26-7.png?fit=732%2C412&ssl=1","jetpack_sharing_enabled":true,"_links":{"self":[{"href":"https:\/\/elterritorialweb.com.ar\/web\/wp-json\/wp\/v2\/posts\/15188","targetHints":{"allow":["GET"]}}],"collection":[{"href":"https:\/\/elterritorialweb.com.ar\/web\/wp-json\/wp\/v2\/posts"}],"about":[{"href":"https:\/\/elterritorialweb.com.ar\/web\/wp-json\/wp\/v2\/types\/post"}],"author":[{"embeddable":true,"href":"https:\/\/elterritorialweb.com.ar\/web\/wp-json\/wp\/v2\/users\/2"}],"replies":[{"embeddable":true,"href":"https:\/\/elterritorialweb.com.ar\/web\/wp-json\/wp\/v2\/comments?post=15188"}],"version-history":[{"count":1,"href":"https:\/\/elterritorialweb.com.ar\/web\/wp-json\/wp\/v2\/posts\/15188\/revisions"}],"predecessor-version":[{"id":15192,"href":"https:\/\/elterritorialweb.com.ar\/web\/wp-json\/wp\/v2\/posts\/15188\/revisions\/15192"}],"wp:featuredmedia":[{"embeddable":true,"href":"https:\/\/elterritorialweb.com.ar\/web\/wp-json\/wp\/v2\/media\/15189"}],"wp:attachment":[{"href":"https:\/\/elterritorialweb.com.ar\/web\/wp-json\/wp\/v2\/media?parent=15188"}],"wp:term":[{"taxonomy":"category","embeddable":true,"href":"https:\/\/elterritorialweb.com.ar\/web\/wp-json\/wp\/v2\/categories?post=15188"},{"taxonomy":"post_tag","embeddable":true,"href":"https:\/\/elterritorialweb.com.ar\/web\/wp-json\/wp\/v2\/tags?post=15188"}],"curies":[{"name":"wp","href":"https:\/\/api.w.org\/{rel}","templated":true}]}}