{"id":15193,"date":"2020-12-27T14:55:02","date_gmt":"2020-12-27T14:55:02","guid":{"rendered":"http:\/\/elterritorialweb.com.ar\/web\/?p=15193"},"modified":"2020-12-27T14:55:02","modified_gmt":"2020-12-27T14:55:02","slug":"desde-el-lunes-se-puede-gestionar-la-adhesion-a-la-moratoria-en-rentas-de-la-capital","status":"publish","type":"post","link":"https:\/\/elterritorialweb.com.ar\/web\/desde-el-lunes-se-puede-gestionar-la-adhesion-a-la-moratoria-en-rentas-de-la-capital\/","title":{"rendered":"DESDE EL LUNES SE PUEDE GESTIONAR LA ADHESI\u00d3N A LA MORATORIA EN RENTAS DE LA CAPITAL"},"content":{"rendered":"\n<p>La normativa, que se enmarca en la Ordenanza N\u00b0 5863\/20, otorga importantes quitas de intereses, diversas modalidades de pago y tambi\u00e9n numerosas facilidades. <\/p>\n\n\n\n<p><strong>Pago Contado: Se condonar\u00e1 100% de los intereses por mora, recargos y multas. <\/strong><\/p>\n\n\n\n<p><strong>Plan de 24 cuotas: Se condonar\u00e1 100% de los intereses por mora y recargos y las cuotas se determinar\u00e1n con un inter\u00e9s de financiaci\u00f3n del 0,50% mensual. <\/strong><\/p>\n\n\n\n<p><strong>Plan de 36 cuotas: Se condonar\u00e1 50% de los intereses por mora y recargos y las cuotas se determinar\u00e1n con un inter\u00e9s de financiaci\u00f3n del 0,75% mensual.<\/strong><\/p>\n\n\n\n<p><strong>Plan de 60 cuotas: Se condonar\u00e1 25% de los intereses por mora y recargos y las cuotas se determinar\u00e1n con un inter\u00e9s de financiaci\u00f3n del 1% mensual.<\/strong><\/p>\n\n\n\n<p>Para poder acceder a la moratoria, que se habilitar\u00e1 el lunes 28 de diciembre, se deber\u00e1n pagar las obligaciones tributarias del mes en curso al momento de concretarse la adhesi\u00f3n.<\/p>\n\n\n\n<p>Los tr\u00e1mites se pueden realizar en la sede la entidad ubicada en Independencia 236 o algunas de las delegaciones que funcionan en los centros operativos N\u00b0 4 de Juncal e Independencia, N\u00b0 9 del barrio Los Flores, N\u00b0 1 del Ej\u00e9rcito Argentino y N\u00b0 6 del Autonom\u00eda.<a href=\"https:\/\/www.facebook.com\/264403147583987\/photos\/a.359512004739767\/686783102012654\/?__cft__[0]=AZWN_E0mCtXEw48D1uEE2n4i1OCUMrCctMn-VcM2SDgOxL1N_Eu_92uN96sLyKR4Q-LX6p2GCQX_FDJ1B-2frwOYJiVvoNjNES4w9DqU8IHLle9V4qoom7ji5fW8082T4JZFOfsg6URyEFf7BSosyscl&amp;__tn__=EH-R\"><\/a><\/p>\n","protected":false},"excerpt":{"rendered":"<p>La Direcci\u00f3n de Rentas de la Municipalidad de la Capital dio a conocer el nuevo programa de regularizaci\u00f3n tributaria, al cual se pueden adherir aquellos vecinos que mantengan deudas de tasas municipales.<\/p>\n","protected":false},"author":2,"featured_media":15194,"comment_status":"open","ping_status":"open","sticky":false,"template":"","format":"standard","meta":{"om_disable_all_campaigns":false,"_monsterinsights_skip_tracking":false,"_monsterinsights_sitenote_active":false,"_monsterinsights_sitenote_note":"","_monsterinsights_sitenote_category":0,"_uf_show_specific_survey":0,"_uf_disable_surveys":false,"jetpack_post_was_ever_published":false,"_jetpack_newsletter_access":"","_jetpack_dont_email_post_to_subs":false,"_jetpack_newsletter_tier_id":0,"_jetpack_memberships_contains_paywalled_content":false,"_jetpack_memberships_contains_paid_content":false,"footnotes":"","jetpack_publicize_message":"","jetpack_publicize_feature_enabled":true,"jetpack_social_post_already_shared":false,"jetpack_social_options":{"image_generator_settings":{"template":"highway","default_image_id":0,"font":"","enabled":false},"version":2}},"categories":[21],"tags":[],"class_list":["post-15193","post","type-post","status-publish","format-standard","has-post-thumbnail","hentry","category-locales"],"aioseo_notices":[],"views":6,"jetpack_publicize_connections":[],"jetpack_featured_media_url":"https:\/\/i0.wp.com\/elterritorialweb.com.ar\/web\/wp-content\/uploads\/2020\/12\/RENTAS-MUNICIPAL-1.jpg?fit=1280%2C853&ssl=1","jetpack_sharing_enabled":true,"_links":{"self":[{"href":"https:\/\/elterritorialweb.com.ar\/web\/wp-json\/wp\/v2\/posts\/15193","targetHints":{"allow":["GET"]}}],"collection":[{"href":"https:\/\/elterritorialweb.com.ar\/web\/wp-json\/wp\/v2\/posts"}],"about":[{"href":"https:\/\/elterritorialweb.com.ar\/web\/wp-json\/wp\/v2\/types\/post"}],"author":[{"embeddable":true,"href":"https:\/\/elterritorialweb.com.ar\/web\/wp-json\/wp\/v2\/users\/2"}],"replies":[{"embeddable":true,"href":"https:\/\/elterritorialweb.com.ar\/web\/wp-json\/wp\/v2\/comments?post=15193"}],"version-history":[{"count":1,"href":"https:\/\/elterritorialweb.com.ar\/web\/wp-json\/wp\/v2\/posts\/15193\/revisions"}],"predecessor-version":[{"id":15195,"href":"https:\/\/elterritorialweb.com.ar\/web\/wp-json\/wp\/v2\/posts\/15193\/revisions\/15195"}],"wp:featuredmedia":[{"embeddable":true,"href":"https:\/\/elterritorialweb.com.ar\/web\/wp-json\/wp\/v2\/media\/15194"}],"wp:attachment":[{"href":"https:\/\/elterritorialweb.com.ar\/web\/wp-json\/wp\/v2\/media?parent=15193"}],"wp:term":[{"taxonomy":"category","embeddable":true,"href":"https:\/\/elterritorialweb.com.ar\/web\/wp-json\/wp\/v2\/categories?post=15193"},{"taxonomy":"post_tag","embeddable":true,"href":"https:\/\/elterritorialweb.com.ar\/web\/wp-json\/wp\/v2\/tags?post=15193"}],"curies":[{"name":"wp","href":"https:\/\/api.w.org\/{rel}","templated":true}]}}