{"id":15196,"date":"2020-12-28T00:01:54","date_gmt":"2020-12-28T00:01:54","guid":{"rendered":"http:\/\/elterritorialweb.com.ar\/web\/?p=15196"},"modified":"2020-12-28T00:01:55","modified_gmt":"2020-12-28T00:01:55","slug":"5-030-nuevos-casos-de-covid-19-en-24-horas-con-un-total-de-1-583-927-infectados-en-el-pais","status":"publish","type":"post","link":"https:\/\/elterritorialweb.com.ar\/web\/5-030-nuevos-casos-de-covid-19-en-24-horas-con-un-total-de-1-583-927-infectados-en-el-pais\/","title":{"rendered":"5.030 NUEVOS CASOS DE COVID-19 EN 24 HORAS, CON UN TOTAL DE 1.583.927 INFECTADOS EN EL PA\u00cdS"},"content":{"rendered":"\n<p><strong>Otras 149 personas murieron y 5.030 fueron reportadas con coronavirus en las \u00faltimas 24 horas en la Argentina, con lo que suman 42.650 los fallecidos registrados oficialmente a nivel nacional y 1.583.927 los contagiados desde el inicio de la pandemia, inform\u00f3 este domingo el Ministerio de Salud.<\/strong><\/p>\n\n\n\n<p>La cartera sanitaria indic\u00f3 que son 3.313 los internados en unidades de terapia intensiva, con un porcentaje de ocupaci\u00f3n de camas de adultos de 52,6% en el pa\u00eds y del 56,2% en la \u00c1rea Metropolitana Buenos Aires.<\/p>\n\n\n\n<p>Un 54,15% (2.724 personas) de los infectados de este domingo (5.030) corresponden a la Ciudad y a la Provincia de Buenos Aires.<\/p>\n\n\n\n<p><strong>De los 1.583.927 contagiados, el 88,88% (1.407.926) recibi\u00f3 el alta y 137.721 son casos confirmados activos.<\/strong><\/p>\n\n\n\n<p>El reporte vespertino consign\u00f3 que murieron 97 hombres, 71 residentes en la provincia de Buenos Aires; 3 en la Ciudad de Buenos Aires; 1 en Chubut; 3 en La Rioja; 1 en R\u00edo Negro; 1 en Salta; 1 en San Luis; 2 en Santa Cruz; 11 en Santa Fe; 1 en Santiago del Estero; y 2 en Tierra del Fuego.<\/p>\n\n\n\n<p>Tambi\u00e9n fallecieron 52 mujeres: 39 en la provincia de Buenos Aires; 1 en Chaco; 1 en Entre R\u00edos; 1 en R\u00edo Negro; 1 en San Luis; 1 en Santa Cruz; 5 en Santa Fe; 2 en Santiago del Estero; y 1 en Tierra del Fuego<\/p>\n\n\n\n<p>Este domingo se registraron en la provincia de Buenos Aires 1.996 casos; en la Ciudad de Buenos Aires, 728; en Catamarca, 46; en Chaco, 70; en Chubut, 155; en Corrientes, 235; en C\u00f3rdoba, 227; en Entre R\u00edos, 155; en Formosa, 1; en Jujuy, 6; en La Pampa, 189; en La Rioja, 7; en Mendoza, 51; en Misiones, 23; en Neuqu\u00e9n, 82; en R\u00edo Negro, 163; en Salta, 37; en San Juan, 10; en San Luis, 38; en Santa Cruz, 242; en Santa Fe, 406; en Santiago del Estero, 24; Tierra del Fuego, 88; y en Tucum\u00e1n 51.<\/p>\n\n\n\n<p>En las \u00faltimas 24 horas fueron realizados 21.455 testeos y desde el inicio del brote se realizaron 4.683.310 pruebas diagn\u00f3sticas para esta enfermedad, lo que equivale a 103.209 muestras por mill\u00f3n de habitantes.<\/p>\n\n\n\n<p>El total de acumulados por distrito indica que la provincia de Buenos Aires suma 667.990 casos; la Ciudad de Buenos Aires, 170.327; Catamarca, 2.576; Chaco, 23.847; Chubut, 29.881.; Corrientes, 11.383; C\u00f3rdoba 125.093; Entre R\u00edos, 28.078; Formosa, 214; Jujuy, 18.506; La Pampa, 9.706; La Rioja, 9.068; Mendoza, 59.609; Misiones, 1.011; Neuqu\u00e9n, 39.365; R\u00edo Negro, 37.277; Salta, 22.208; San Juan, 10.900; San Luis, 16.032; Santa Cruz, 22.239; Santa Fe, 171.770; Santiago del Estero, 17.071; Tierra del Fuego, 18.739; y Tucum\u00e1n, 70.407.<\/p>\n\n\n\n<p>Se incluyen 17 casos en las Islas Malvinas, seg\u00fan informaci\u00f3n de prensa, (debido a la ocupaci\u00f3n ilegal del Reino Unido, Gran Breta\u00f1a e Irlanda del Norte no es posible contar con informaci\u00f3n propia sobre el impacto de la Covid-19 en esa parte del territorio argentino.<\/p>\n","protected":false},"excerpt":{"rendered":"<p>INFORME DEL MINISTERIO DE SALUD DE LA NACI\u00d3N<\/p>\n","protected":false},"author":2,"featured_media":15197,"comment_status":"open","ping_status":"open","sticky":false,"template":"","format":"standard","meta":{"om_disable_all_campaigns":false,"_monsterinsights_skip_tracking":false,"_monsterinsights_sitenote_active":false,"_monsterinsights_sitenote_note":"","_monsterinsights_sitenote_category":0,"_uf_show_specific_survey":0,"_uf_disable_surveys":false,"jetpack_post_was_ever_published":false,"_jetpack_newsletter_access":"","_jetpack_dont_email_post_to_subs":false,"_jetpack_newsletter_tier_id":0,"_jetpack_memberships_contains_paywalled_content":false,"_jetpack_memberships_contains_paid_content":false,"footnotes":"","jetpack_publicize_message":"","jetpack_publicize_feature_enabled":true,"jetpack_social_post_already_shared":false,"jetpack_social_options":{"image_generator_settings":{"template":"highway","default_image_id":0,"font":"","enabled":false},"version":2}},"categories":[3],"tags":[],"class_list":["post-15196","post","type-post","status-publish","format-standard","has-post-thumbnail","hentry","category-salud"],"aioseo_notices":[],"views":4,"jetpack_publicize_connections":[],"jetpack_featured_media_url":"https:\/\/i0.wp.com\/elterritorialweb.com.ar\/web\/wp-content\/uploads\/2020\/12\/NUEVOS-CASOS-27-DE-DICIEMBRE.jpg?fit=680%2C382&ssl=1","jetpack_sharing_enabled":true,"_links":{"self":[{"href":"https:\/\/elterritorialweb.com.ar\/web\/wp-json\/wp\/v2\/posts\/15196","targetHints":{"allow":["GET"]}}],"collection":[{"href":"https:\/\/elterritorialweb.com.ar\/web\/wp-json\/wp\/v2\/posts"}],"about":[{"href":"https:\/\/elterritorialweb.com.ar\/web\/wp-json\/wp\/v2\/types\/post"}],"author":[{"embeddable":true,"href":"https:\/\/elterritorialweb.com.ar\/web\/wp-json\/wp\/v2\/users\/2"}],"replies":[{"embeddable":true,"href":"https:\/\/elterritorialweb.com.ar\/web\/wp-json\/wp\/v2\/comments?post=15196"}],"version-history":[{"count":1,"href":"https:\/\/elterritorialweb.com.ar\/web\/wp-json\/wp\/v2\/posts\/15196\/revisions"}],"predecessor-version":[{"id":15198,"href":"https:\/\/elterritorialweb.com.ar\/web\/wp-json\/wp\/v2\/posts\/15196\/revisions\/15198"}],"wp:featuredmedia":[{"embeddable":true,"href":"https:\/\/elterritorialweb.com.ar\/web\/wp-json\/wp\/v2\/media\/15197"}],"wp:attachment":[{"href":"https:\/\/elterritorialweb.com.ar\/web\/wp-json\/wp\/v2\/media?parent=15196"}],"wp:term":[{"taxonomy":"category","embeddable":true,"href":"https:\/\/elterritorialweb.com.ar\/web\/wp-json\/wp\/v2\/categories?post=15196"},{"taxonomy":"post_tag","embeddable":true,"href":"https:\/\/elterritorialweb.com.ar\/web\/wp-json\/wp\/v2\/tags?post=15196"}],"curies":[{"name":"wp","href":"https:\/\/api.w.org\/{rel}","templated":true}]}}