{"id":15203,"date":"2020-12-28T03:00:24","date_gmt":"2020-12-28T03:00:24","guid":{"rendered":"http:\/\/elterritorialweb.com.ar\/web\/?p=15203"},"modified":"2020-12-28T03:05:58","modified_gmt":"2020-12-28T03:05:58","slug":"llego-a-santiago-la-primera-partida-de-la-vacuna-contra-el-covid-19","status":"publish","type":"post","link":"https:\/\/elterritorialweb.com.ar\/web\/llego-a-santiago-la-primera-partida-de-la-vacuna-contra-el-covid-19\/","title":{"rendered":"LLEG\u00d3 A SANTIAGO LA PRIMERA PARTIDA DE LA VACUNA CONTRA EL COVID-19"},"content":{"rendered":"\n<p>Estuvieron recibiendo la ministra de Salud de la provincia, Lic., Natividad Nassif y el subsecretario de Salud, Dr. C\u00e9sar Monti.<\/p>\n\n\n\n<figure class=\"wp-block-image size-large\"><a href=\"https:\/\/i0.wp.com\/elterritorialweb.com.ar\/web\/wp-content\/uploads\/2020\/12\/LLEGO-VACUNA-A-SANTIAGO-1.jpg\"><img data-recalc-dims=\"1\" decoding=\"async\" width=\"640\" height=\"480\" data-src=\"https:\/\/i0.wp.com\/elterritorialweb.com.ar\/web\/wp-content\/uploads\/2020\/12\/LLEGO-VACUNA-A-SANTIAGO-1.jpg?resize=640%2C480\" alt=\"\" class=\"wp-image-15205 lazyload\" data-srcset=\"https:\/\/i0.wp.com\/elterritorialweb.com.ar\/web\/wp-content\/uploads\/2020\/12\/LLEGO-VACUNA-A-SANTIAGO-1.jpg?resize=1024%2C768&amp;ssl=1 1024w, https:\/\/i0.wp.com\/elterritorialweb.com.ar\/web\/wp-content\/uploads\/2020\/12\/LLEGO-VACUNA-A-SANTIAGO-1.jpg?resize=300%2C225&amp;ssl=1 300w, https:\/\/i0.wp.com\/elterritorialweb.com.ar\/web\/wp-content\/uploads\/2020\/12\/LLEGO-VACUNA-A-SANTIAGO-1.jpg?resize=768%2C576&amp;ssl=1 768w, https:\/\/i0.wp.com\/elterritorialweb.com.ar\/web\/wp-content\/uploads\/2020\/12\/LLEGO-VACUNA-A-SANTIAGO-1.jpg?resize=1536%2C1152&amp;ssl=1 1536w, https:\/\/i0.wp.com\/elterritorialweb.com.ar\/web\/wp-content\/uploads\/2020\/12\/LLEGO-VACUNA-A-SANTIAGO-1.jpg?w=2048&amp;ssl=1 2048w, https:\/\/i0.wp.com\/elterritorialweb.com.ar\/web\/wp-content\/uploads\/2020\/12\/LLEGO-VACUNA-A-SANTIAGO-1.jpg?w=1280 1280w, https:\/\/i0.wp.com\/elterritorialweb.com.ar\/web\/wp-content\/uploads\/2020\/12\/LLEGO-VACUNA-A-SANTIAGO-1.jpg?w=1920 1920w\" data-sizes=\"(max-width: 640px) 100vw, 640px\" src=\"data:image\/svg+xml;base64,PHN2ZyB3aWR0aD0iMSIgaGVpZ2h0PSIxIiB4bWxucz0iaHR0cDovL3d3dy53My5vcmcvMjAwMC9zdmciPjwvc3ZnPg==\" style=\"--smush-placeholder-width: 640px; --smush-placeholder-aspect-ratio: 640\/480;\" \/><\/a><\/figure>\n\n\n\n<p>La ministra de Salud, <strong>Lic. Natividaf Nassif <\/strong>estuvo en el momento de la llegada del cami\u00f3n que traslad\u00f3 las vacunas y dijo: <em>\u00abLa llegada de esta vacuna nos anuncia el inicio de un camino para contener la morbi mortalidad de muchas personas expuestas al riesgo de contagio, que en un primer momento es el personal de salud con el cual vamos a iniciar la vacuna y luego seguiremos avanzando sobre los grupos de riesgo de seguridad, mayores de 60 a\u00f1os grupos con factores de riesgo, docentes y luego la poblaci\u00f3n en general\u00bb<\/em>. Adem\u00e1s, explic\u00f3 que <em>\u00ablas vacunas llegar\u00e1n en forma paulatina, ahora llega una remesa, dentro de unos d\u00edas llega otra y as\u00ed sucesivamente o sea que hemos iniciado un proceso como pa\u00eds y como provincia para poder mitigar la situaci\u00f3n generada por esta pandemia y que pone en riesgo la vida de la gente\u00bb<\/em>.<\/p>\n\n\n\n<figure class=\"wp-block-image size-large\"><a href=\"https:\/\/i0.wp.com\/elterritorialweb.com.ar\/web\/wp-content\/uploads\/2020\/12\/LLEGO-VACUNA-A-SANTIAGO-2-1.jpg\"><img data-recalc-dims=\"1\" decoding=\"async\" width=\"640\" height=\"480\" data-src=\"https:\/\/i0.wp.com\/elterritorialweb.com.ar\/web\/wp-content\/uploads\/2020\/12\/LLEGO-VACUNA-A-SANTIAGO-2-1.jpg?resize=640%2C480\" alt=\"\" class=\"wp-image-15207 lazyload\" data-srcset=\"https:\/\/i0.wp.com\/elterritorialweb.com.ar\/web\/wp-content\/uploads\/2020\/12\/LLEGO-VACUNA-A-SANTIAGO-2-1.jpg?resize=1024%2C768&amp;ssl=1 1024w, https:\/\/i0.wp.com\/elterritorialweb.com.ar\/web\/wp-content\/uploads\/2020\/12\/LLEGO-VACUNA-A-SANTIAGO-2-1.jpg?resize=300%2C225&amp;ssl=1 300w, https:\/\/i0.wp.com\/elterritorialweb.com.ar\/web\/wp-content\/uploads\/2020\/12\/LLEGO-VACUNA-A-SANTIAGO-2-1.jpg?resize=768%2C576&amp;ssl=1 768w, https:\/\/i0.wp.com\/elterritorialweb.com.ar\/web\/wp-content\/uploads\/2020\/12\/LLEGO-VACUNA-A-SANTIAGO-2-1.jpg?resize=1536%2C1152&amp;ssl=1 1536w, https:\/\/i0.wp.com\/elterritorialweb.com.ar\/web\/wp-content\/uploads\/2020\/12\/LLEGO-VACUNA-A-SANTIAGO-2-1.jpg?w=2048&amp;ssl=1 2048w, https:\/\/i0.wp.com\/elterritorialweb.com.ar\/web\/wp-content\/uploads\/2020\/12\/LLEGO-VACUNA-A-SANTIAGO-2-1.jpg?w=1280 1280w, https:\/\/i0.wp.com\/elterritorialweb.com.ar\/web\/wp-content\/uploads\/2020\/12\/LLEGO-VACUNA-A-SANTIAGO-2-1.jpg?w=1920 1920w\" data-sizes=\"(max-width: 640px) 100vw, 640px\" src=\"data:image\/svg+xml;base64,PHN2ZyB3aWR0aD0iMSIgaGVpZ2h0PSIxIiB4bWxucz0iaHR0cDovL3d3dy53My5vcmcvMjAwMC9zdmciPjwvc3ZnPg==\" style=\"--smush-placeholder-width: 640px; --smush-placeholder-aspect-ratio: 640\/480;\" \/><\/a><\/figure>\n\n\n\n<p>Por su parte, el <strong>Dr. Monti<\/strong> sostuvo: <em>\u00abhemos pasado diferentes etapas en este contexto de pandemia, capacitaci\u00f3n, construcci\u00f3n de espacios para que esta pandemia no nos sobrepase y esta es la \u00faltima etapa, pero no debemos descuidar las anteriores, el barbijo, la distancia social, la higiene de manos y sanitizacion de los ambientes, esa fue nuestra vacuna hasta hoy y la vamos a seguir haciendo porque es un proceso que se va a extender en el tiempo hasta poder tener dos tercios de la poblaci\u00f3n vacunada, que van a ser unos buenos meses. Mientras tanto tenemos que pensar que el cuidado de la distancia social, el barbijo y sanitizacion de ambientes y manos es nuestra nueva realidad\u00bb<\/em>. En el final expres\u00f3: <em>\u00abEl mensaje para estas fiestas es que respetemos los protocolos, no tenemos la soluci\u00f3n. La soluci\u00f3n empezar\u00e1 a partir de esta vacuna, yo digo que tenemos que seguir como venimos porque si seguimos cumpliendo vamos a estar bien\u00bb<\/em>.<\/p>\n\n\n\n\n\n<p>Por \u00faltimo, la<strong> Dra. Florencia Coronel<\/strong>, del programa de Vigilancia Epidemiol\u00f3gica del ministerio de Salud manifiesto: <em>\u00abla vacunaci\u00f3n iniciar\u00eda simult\u00e1neamente en todo el pa\u00eds el martes 29 a las 9 de la ma\u00f1ana porque es una campa\u00f1a \u00e9pica, diferente. En una primera etapa se iniciar\u00e1 por el personal de salud, comenzar\u00e1 en el hospital Independencia a todo el personal que ha trabajado estos 10 meses fuertemente\u201d <\/em>y destac\u00f3: <em>\u00abEs un gran esfuerzo y es una emoci\u00f3n ver llegar a este cami\u00f3n. Desde Santiago se distribuir\u00e1 a todos los hospitales, empezando por todos los que tengan unidades de cuidados cr\u00edticos y despu\u00e9s se seguir\u00e1 vacunado a todos los trabajadores de salud de los hospitales de toda la provincia. Todos los d\u00edas se ir\u00e1 vacunado porque esto necesita una log\u00edstica muy especial porque viene a una temperatura muy especial que es menos de 18 grados. Entonces se trabaja arduamente\u00bb<\/em>, concluy\u00f3.<\/p>\n","protected":false},"excerpt":{"rendered":"<p>Tras la reuni\u00f3n del presidente de la Naci\u00f3n, Alberto Fern\u00e1ndez con los gobernadores de todas las provincias, donde se acord\u00f3 la distribuci\u00f3n de las vacunas contra el Covid 19, lleg\u00f3 a la provincia la primera partida de Sputnik V que comenzar\u00e1 a aplicarse al personal de salud el martes 29 de diciembre. <\/p>\n","protected":false},"author":2,"featured_media":15204,"comment_status":"open","ping_status":"open","sticky":false,"template":"","format":"standard","meta":{"om_disable_all_campaigns":false,"_monsterinsights_skip_tracking":false,"_monsterinsights_sitenote_active":false,"_monsterinsights_sitenote_note":"","_monsterinsights_sitenote_category":0,"_uf_show_specific_survey":0,"_uf_disable_surveys":false,"jetpack_post_was_ever_published":false,"_jetpack_newsletter_access":"","_jetpack_dont_email_post_to_subs":false,"_jetpack_newsletter_tier_id":0,"_jetpack_memberships_contains_paywalled_content":false,"_jetpack_memberships_contains_paid_content":false,"footnotes":"","jetpack_publicize_message":"","jetpack_publicize_feature_enabled":true,"jetpack_social_post_already_shared":false,"jetpack_social_options":{"image_generator_settings":{"template":"highway","default_image_id":0,"font":"","enabled":false},"version":2}},"categories":[3],"tags":[],"class_list":["post-15203","post","type-post","status-publish","format-standard","has-post-thumbnail","hentry","category-salud"],"aioseo_notices":[],"views":4,"jetpack_publicize_connections":[],"jetpack_featured_media_url":"https:\/\/i0.wp.com\/elterritorialweb.com.ar\/web\/wp-content\/uploads\/2020\/12\/LLEGO-VACUNA-A-SANTIAGO.jpg?fit=2048%2C1536&ssl=1","jetpack_sharing_enabled":true,"_links":{"self":[{"href":"https:\/\/elterritorialweb.com.ar\/web\/wp-json\/wp\/v2\/posts\/15203","targetHints":{"allow":["GET"]}}],"collection":[{"href":"https:\/\/elterritorialweb.com.ar\/web\/wp-json\/wp\/v2\/posts"}],"about":[{"href":"https:\/\/elterritorialweb.com.ar\/web\/wp-json\/wp\/v2\/types\/post"}],"author":[{"embeddable":true,"href":"https:\/\/elterritorialweb.com.ar\/web\/wp-json\/wp\/v2\/users\/2"}],"replies":[{"embeddable":true,"href":"https:\/\/elterritorialweb.com.ar\/web\/wp-json\/wp\/v2\/comments?post=15203"}],"version-history":[{"count":2,"href":"https:\/\/elterritorialweb.com.ar\/web\/wp-json\/wp\/v2\/posts\/15203\/revisions"}],"predecessor-version":[{"id":15211,"href":"https:\/\/elterritorialweb.com.ar\/web\/wp-json\/wp\/v2\/posts\/15203\/revisions\/15211"}],"wp:featuredmedia":[{"embeddable":true,"href":"https:\/\/elterritorialweb.com.ar\/web\/wp-json\/wp\/v2\/media\/15204"}],"wp:attachment":[{"href":"https:\/\/elterritorialweb.com.ar\/web\/wp-json\/wp\/v2\/media?parent=15203"}],"wp:term":[{"taxonomy":"category","embeddable":true,"href":"https:\/\/elterritorialweb.com.ar\/web\/wp-json\/wp\/v2\/categories?post=15203"},{"taxonomy":"post_tag","embeddable":true,"href":"https:\/\/elterritorialweb.com.ar\/web\/wp-json\/wp\/v2\/tags?post=15203"}],"curies":[{"name":"wp","href":"https:\/\/api.w.org\/{rel}","templated":true}]}}