{"id":15214,"date":"2020-12-28T03:29:19","date_gmt":"2020-12-28T03:29:19","guid":{"rendered":"http:\/\/elterritorialweb.com.ar\/web\/?p=15214"},"modified":"2020-12-28T03:31:54","modified_gmt":"2020-12-28T03:31:54","slug":"river-le-gano-a-arsenal-y-llega-entonado-al-superclasico","status":"publish","type":"post","link":"https:\/\/elterritorialweb.com.ar\/web\/river-le-gano-a-arsenal-y-llega-entonado-al-superclasico\/","title":{"rendered":"RIVER LE GAN\u00d3 A ARSENAL Y LLEGA ENTONADO AL SUPERCL\u00c1SICO"},"content":{"rendered":"\n<p><strong>River derrot\u00f3 por 2-1 a Arsenal<\/strong>\u00a0en Avellaneda y, luego de tres fechas, sigue con 7 puntos como l\u00edder de la Zona Campeonato A de la\u00a0<strong>Copa Diego Maradona<\/strong>. Tras el triunfo, con goles de Ignacio Fern\u00e1ndez y Mat\u00edas Su\u00e1rez, el Millonario jugar\u00e1 mano a mano por la punta en el Supercl\u00e1sico ante Boca, el 2 de enero en La Bombonera.<\/p>\n\n\n\n<figure class=\"wp-block-image size-large\"><a href=\"https:\/\/i0.wp.com\/elterritorialweb.com.ar\/web\/wp-content\/uploads\/2020\/12\/RIVER-ARSENAL-1.jpg\"><img data-recalc-dims=\"1\" decoding=\"async\" width=\"640\" height=\"447\" data-src=\"https:\/\/i0.wp.com\/elterritorialweb.com.ar\/web\/wp-content\/uploads\/2020\/12\/RIVER-ARSENAL-1.jpg?resize=640%2C447\" alt=\"\" class=\"wp-image-15216 lazyload\" data-srcset=\"https:\/\/i0.wp.com\/elterritorialweb.com.ar\/web\/wp-content\/uploads\/2020\/12\/RIVER-ARSENAL-1.jpg?w=680&amp;ssl=1 680w, https:\/\/i0.wp.com\/elterritorialweb.com.ar\/web\/wp-content\/uploads\/2020\/12\/RIVER-ARSENAL-1.jpg?resize=300%2C210&amp;ssl=1 300w\" data-sizes=\"(max-width: 640px) 100vw, 640px\" src=\"data:image\/svg+xml;base64,PHN2ZyB3aWR0aD0iMSIgaGVpZ2h0PSIxIiB4bWxucz0iaHR0cDovL3d3dy53My5vcmcvMjAwMC9zdmciPjwvc3ZnPg==\" style=\"--smush-placeholder-width: 640px; --smush-placeholder-aspect-ratio: 640\/447;\" \/><\/a><\/figure>\n\n\n\n<p><strong>El primer tiempo dej\u00f3 una actuaci\u00f3n apabullante del local en el Libertadores de Am\u00e9rica.<\/strong>&nbsp;No hubo tregua para el conjunto del Viaducto, que \u00fanicamente pudo dedicarse a resistir ante un aluvi\u00f3n de situaciones de gol en el que solamente falt\u00f3 la puntada final. Por ello,<strong>&nbsp;en el entretiempo ingres\u00f3 Fern\u00e1ndez por Bruno Zuculini -amonestado- y la historia cambi\u00f3.<\/strong><\/p>\n\n\n\n<figure class=\"wp-block-image size-large\"><a href=\"https:\/\/i0.wp.com\/elterritorialweb.com.ar\/web\/wp-content\/uploads\/2020\/12\/RIVER-ARSENAL-2.jpg\"><img data-recalc-dims=\"1\" decoding=\"async\" width=\"594\" height=\"392\" data-src=\"https:\/\/i0.wp.com\/elterritorialweb.com.ar\/web\/wp-content\/uploads\/2020\/12\/RIVER-ARSENAL-2.jpg?resize=594%2C392\" alt=\"\" class=\"wp-image-15217 lazyload\" data-srcset=\"https:\/\/i0.wp.com\/elterritorialweb.com.ar\/web\/wp-content\/uploads\/2020\/12\/RIVER-ARSENAL-2.jpg?w=594&amp;ssl=1 594w, https:\/\/i0.wp.com\/elterritorialweb.com.ar\/web\/wp-content\/uploads\/2020\/12\/RIVER-ARSENAL-2.jpg?resize=300%2C198&amp;ssl=1 300w\" data-sizes=\"(max-width: 594px) 100vw, 594px\" src=\"data:image\/svg+xml;base64,PHN2ZyB3aWR0aD0iMSIgaGVpZ2h0PSIxIiB4bWxucz0iaHR0cDovL3d3dy53My5vcmcvMjAwMC9zdmciPjwvc3ZnPg==\" style=\"--smush-placeholder-width: 594px; --smush-placeholder-aspect-ratio: 594\/392;\" \/><\/a><\/figure>\n\n\n\n<p>Fue el propio Nacho quien, luego de generarle una clara a Rafael Santos Borr\u00e9 y pegarle al palo izquierdo de Maximiliano Gagliardo, a los 10&#8242; del complemento encontr\u00f3 un rebote y firm\u00f3 el 1-0. Despu\u00e9s, a los 21&#8242;, Mat\u00edas Su\u00e1rez recibi\u00f3 un pase fenomenal del n\u00famero diez y defini\u00f3 por arriba del arquero de Arsenal, adelantado, para gritar el segundo.<\/p>\n\n\n\n<figure class=\"wp-block-image size-large\"><a href=\"https:\/\/i0.wp.com\/elterritorialweb.com.ar\/web\/wp-content\/uploads\/2020\/12\/RIVER-ARSENAL-3.jpg\"><img data-recalc-dims=\"1\" decoding=\"async\" width=\"640\" height=\"426\" data-src=\"https:\/\/i0.wp.com\/elterritorialweb.com.ar\/web\/wp-content\/uploads\/2020\/12\/RIVER-ARSENAL-3.jpg?resize=640%2C426\" alt=\"\" class=\"wp-image-15218 lazyload\" data-srcset=\"https:\/\/i0.wp.com\/elterritorialweb.com.ar\/web\/wp-content\/uploads\/2020\/12\/RIVER-ARSENAL-3.jpg?w=680&amp;ssl=1 680w, https:\/\/i0.wp.com\/elterritorialweb.com.ar\/web\/wp-content\/uploads\/2020\/12\/RIVER-ARSENAL-3.jpg?resize=300%2C200&amp;ssl=1 300w, https:\/\/i0.wp.com\/elterritorialweb.com.ar\/web\/wp-content\/uploads\/2020\/12\/RIVER-ARSENAL-3.jpg?resize=675%2C450&amp;ssl=1 675w\" data-sizes=\"(max-width: 640px) 100vw, 640px\" src=\"data:image\/svg+xml;base64,PHN2ZyB3aWR0aD0iMSIgaGVpZ2h0PSIxIiB4bWxucz0iaHR0cDovL3d3dy53My5vcmcvMjAwMC9zdmciPjwvc3ZnPg==\" style=\"--smush-placeholder-width: 640px; --smush-placeholder-aspect-ratio: 640\/426;\" \/><\/a><\/figure>\n\n\n\n<p>M\u00e1s all\u00e1 de la victoria, decorada con el gol del uruguayo Candia para el Arse (ST 39&#8242;),&nbsp;<strong>lo negativo para River fueron los problemas f\u00edsicos.<\/strong>&nbsp;Primero fue Fabrizio Angileri, luego su reemplazante Milton Casco -dej\u00f3 al equipo con diez- y tambi\u00e9n Rafael Santos Borr\u00e9. Lo de este \u00faltimo pareci\u00f3 solamente un golpe, pero lo de los laterales izquierdos preocupa por ser una cuesti\u00f3n muscular.&nbsp;\u00bfLlegar\u00e1n al Supercl\u00e1sico o Gallardo deber\u00e1 pensar en Javier Pinola o Paulo D\u00edaz all\u00ed?&nbsp;<\/p>\n\n\n\n<figure class=\"wp-block-image size-large\"><a href=\"https:\/\/i0.wp.com\/elterritorialweb.com.ar\/web\/wp-content\/uploads\/2020\/12\/RIVER-ARSENAL-4-scaled.jpg\"><img data-recalc-dims=\"1\" decoding=\"async\" width=\"640\" height=\"427\" data-src=\"https:\/\/i0.wp.com\/elterritorialweb.com.ar\/web\/wp-content\/uploads\/2020\/12\/RIVER-ARSENAL-4.jpg?resize=640%2C427\" alt=\"\" class=\"wp-image-15220 lazyload\" data-srcset=\"https:\/\/i0.wp.com\/elterritorialweb.com.ar\/web\/wp-content\/uploads\/2020\/12\/RIVER-ARSENAL-4-scaled.jpg?resize=1024%2C683&amp;ssl=1 1024w, https:\/\/i0.wp.com\/elterritorialweb.com.ar\/web\/wp-content\/uploads\/2020\/12\/RIVER-ARSENAL-4-scaled.jpg?resize=300%2C200&amp;ssl=1 300w, https:\/\/i0.wp.com\/elterritorialweb.com.ar\/web\/wp-content\/uploads\/2020\/12\/RIVER-ARSENAL-4-scaled.jpg?resize=768%2C512&amp;ssl=1 768w, https:\/\/i0.wp.com\/elterritorialweb.com.ar\/web\/wp-content\/uploads\/2020\/12\/RIVER-ARSENAL-4-scaled.jpg?resize=1536%2C1024&amp;ssl=1 1536w, https:\/\/i0.wp.com\/elterritorialweb.com.ar\/web\/wp-content\/uploads\/2020\/12\/RIVER-ARSENAL-4-scaled.jpg?resize=2048%2C1365&amp;ssl=1 2048w, https:\/\/i0.wp.com\/elterritorialweb.com.ar\/web\/wp-content\/uploads\/2020\/12\/RIVER-ARSENAL-4-scaled.jpg?resize=675%2C450&amp;ssl=1 675w, https:\/\/i0.wp.com\/elterritorialweb.com.ar\/web\/wp-content\/uploads\/2020\/12\/RIVER-ARSENAL-4-scaled.jpg?w=1280 1280w, https:\/\/i0.wp.com\/elterritorialweb.com.ar\/web\/wp-content\/uploads\/2020\/12\/RIVER-ARSENAL-4-scaled.jpg?w=1920 1920w\" data-sizes=\"(max-width: 640px) 100vw, 640px\" src=\"data:image\/svg+xml;base64,PHN2ZyB3aWR0aD0iMSIgaGVpZ2h0PSIxIiB4bWxucz0iaHR0cDovL3d3dy53My5vcmcvMjAwMC9zdmciPjwvc3ZnPg==\" style=\"--smush-placeholder-width: 640px; --smush-placeholder-aspect-ratio: 640\/427;\" \/><\/a><\/figure>\n\n\n\n<p>A\u00f1o nuevo de por medio,&nbsp;<strong>River deber\u00e1 enfocarse en dos compromisos cruciales<\/strong>: primero, el Supercl\u00e1sico en La Bombonera del 2 de enero a las 21.30, definitorio para el grupo y la lucha por el t\u00edtulo local; despu\u00e9s, el 5\/1, tendr\u00e1 la primera semifinal de la Copa Libertadores ante Palmeiras.<\/p>\n","protected":false},"excerpt":{"rendered":"<p>Con goles de Su\u00e1rez y Nacho Fern\u00e1ndez, el Millonario se impuso por 2-1 sobre los de Sarand\u00ed. Tres lesionados, final sufrido con diez y liderazgo antes de visitar a Boca.<\/p>\n","protected":false},"author":2,"featured_media":15215,"comment_status":"open","ping_status":"open","sticky":false,"template":"","format":"standard","meta":{"om_disable_all_campaigns":false,"_monsterinsights_skip_tracking":false,"_monsterinsights_sitenote_active":false,"_monsterinsights_sitenote_note":"","_monsterinsights_sitenote_category":0,"_uf_show_specific_survey":0,"_uf_disable_surveys":false,"jetpack_post_was_ever_published":false,"_jetpack_newsletter_access":"","_jetpack_dont_email_post_to_subs":false,"_jetpack_newsletter_tier_id":0,"_jetpack_memberships_contains_paywalled_content":false,"_jetpack_memberships_contains_paid_content":false,"footnotes":"","jetpack_publicize_message":"","jetpack_publicize_feature_enabled":true,"jetpack_social_post_already_shared":false,"jetpack_social_options":{"image_generator_settings":{"template":"highway","default_image_id":0,"font":"","enabled":false},"version":2}},"categories":[6],"tags":[],"class_list":["post-15214","post","type-post","status-publish","format-standard","has-post-thumbnail","hentry","category-deportes"],"aioseo_notices":[],"views":17,"jetpack_publicize_connections":[],"jetpack_featured_media_url":"https:\/\/i0.wp.com\/elterritorialweb.com.ar\/web\/wp-content\/uploads\/2020\/12\/RIVER-ARSENAL.jpg?fit=594%2C436&ssl=1","jetpack_sharing_enabled":true,"_links":{"self":[{"href":"https:\/\/elterritorialweb.com.ar\/web\/wp-json\/wp\/v2\/posts\/15214","targetHints":{"allow":["GET"]}}],"collection":[{"href":"https:\/\/elterritorialweb.com.ar\/web\/wp-json\/wp\/v2\/posts"}],"about":[{"href":"https:\/\/elterritorialweb.com.ar\/web\/wp-json\/wp\/v2\/types\/post"}],"author":[{"embeddable":true,"href":"https:\/\/elterritorialweb.com.ar\/web\/wp-json\/wp\/v2\/users\/2"}],"replies":[{"embeddable":true,"href":"https:\/\/elterritorialweb.com.ar\/web\/wp-json\/wp\/v2\/comments?post=15214"}],"version-history":[{"count":2,"href":"https:\/\/elterritorialweb.com.ar\/web\/wp-json\/wp\/v2\/posts\/15214\/revisions"}],"predecessor-version":[{"id":15222,"href":"https:\/\/elterritorialweb.com.ar\/web\/wp-json\/wp\/v2\/posts\/15214\/revisions\/15222"}],"wp:featuredmedia":[{"embeddable":true,"href":"https:\/\/elterritorialweb.com.ar\/web\/wp-json\/wp\/v2\/media\/15215"}],"wp:attachment":[{"href":"https:\/\/elterritorialweb.com.ar\/web\/wp-json\/wp\/v2\/media?parent=15214"}],"wp:term":[{"taxonomy":"category","embeddable":true,"href":"https:\/\/elterritorialweb.com.ar\/web\/wp-json\/wp\/v2\/categories?post=15214"},{"taxonomy":"post_tag","embeddable":true,"href":"https:\/\/elterritorialweb.com.ar\/web\/wp-json\/wp\/v2\/tags?post=15214"}],"curies":[{"name":"wp","href":"https:\/\/api.w.org\/{rel}","templated":true}]}}