{"id":15232,"date":"2020-12-28T11:40:11","date_gmt":"2020-12-28T11:40:11","guid":{"rendered":"http:\/\/elterritorialweb.com.ar\/web\/?p=15232"},"modified":"2020-12-28T11:40:12","modified_gmt":"2020-12-28T11:40:12","slug":"el-municipio-lleva-adelante-la-plantacion-de-4500-arboles-en-el-margen-de-la-avenida-circunvalacion","status":"publish","type":"post","link":"https:\/\/elterritorialweb.com.ar\/web\/el-municipio-lleva-adelante-la-plantacion-de-4500-arboles-en-el-margen-de-la-avenida-circunvalacion\/","title":{"rendered":"EL MUNICIPIO LLEVA ADELANTE LA PLANTACI\u00d3N DE 4500 \u00c1RBOLES EN EL MARGEN DE LA AVENIDA CIRCUNVALACI\u00d3N"},"content":{"rendered":"\n<p>La avenida tiene un extenso recorrido en el sector sudoeste y los ejemplares se colocan a la altura de los barrios Ej\u00e9rcito Argentino, Campo Contreras, Sol\u00eds, Vinalar, Santa Luc\u00eda, Industria, Villa del Carmen, 750 Viviendas, Saint Germ\u00e9s, Siglo XIX, Siglo XX y Siglo XXI.Las especies que se plantan en la zona son tipas, palo borracho, tusca, algarrobos, espinillos y cina-cina, teniendo en cuenta la superficie del suelo a la que mejor se adaptan, de acuerdo con los estudios t\u00e9cnicos de la Direcci\u00f3n de Parques y Paseos.<\/p>\n\n\n\n<p>Desde el lanzamiento de la campa\u00f1a de arbolado urbano 2020, la Municipalidad de la Capital concret\u00f3 estos trabajos en los barrios Lomas del Golf, Aeropuerto, Ej\u00e9rcito Argentino, Belgrano, 8 de Abril, Los Inmigrantes, Santa Luc\u00eda, Libertad, Mosconi, entres otros. Adem\u00e1s hubo reposiciones y nuevas plantaciones en plazas, paseos, en el Parque Aguirre y en la Nueva Costanera.<\/p>\n\n\n\n<p>Durante este a\u00f1o, el objetivo fue reforestar la ciudad con 60.000 ejemplares y tuvo como lema \u201cCuidemos y adoptemos un \u00e1rbol\u201d, que busc\u00f3 la participaci\u00f3n de los vecinos, junto al municipio, para que los \u00e1rboles se puedan desarrollar.<\/p>\n\n\n\n<p>Estas acciones forman parte de la pol\u00edtica p\u00fablica municipal de mejora y de protecci\u00f3n del ambiente y de sustentabilidad urbana para beneficio de los habitantes de la Capital, que ya tuvo como resultado m\u00e1s de 105.000 \u00e1rboles plantados en el per\u00edodo 2018-2019.<\/p>\n","protected":false},"excerpt":{"rendered":"<p>La intendente de la Capital, Ing. Norma Fuentes, inform\u00f3 que la Municipalidad lleva adelante la plantaci\u00f3n de m\u00e1s de 4500 \u00e1rboles en ambas m\u00e1rgenes de la avenida de Circunvalaci\u00f3n Ra\u00fal Alfons\u00edn y sus colectoras, para continuar con el plan de reforestaci\u00f3n masiva en la ciudad.<\/p>\n","protected":false},"author":2,"featured_media":15233,"comment_status":"open","ping_status":"open","sticky":false,"template":"","format":"standard","meta":{"om_disable_all_campaigns":false,"_monsterinsights_skip_tracking":false,"_monsterinsights_sitenote_active":false,"_monsterinsights_sitenote_note":"","_monsterinsights_sitenote_category":0,"_uf_show_specific_survey":0,"_uf_disable_surveys":false,"jetpack_post_was_ever_published":false,"_jetpack_newsletter_access":"","_jetpack_dont_email_post_to_subs":false,"_jetpack_newsletter_tier_id":0,"_jetpack_memberships_contains_paywalled_content":false,"_jetpack_memberships_contains_paid_content":false,"footnotes":"","jetpack_publicize_message":"","jetpack_publicize_feature_enabled":true,"jetpack_social_post_already_shared":false,"jetpack_social_options":{"image_generator_settings":{"template":"highway","default_image_id":0,"font":"","enabled":false},"version":2}},"categories":[21],"tags":[],"class_list":["post-15232","post","type-post","status-publish","format-standard","has-post-thumbnail","hentry","category-locales"],"aioseo_notices":[],"views":10,"jetpack_publicize_connections":[],"jetpack_featured_media_url":"https:\/\/i0.wp.com\/elterritorialweb.com.ar\/web\/wp-content\/uploads\/2020\/12\/MUNI-ARBOLADO-URBANO.jpg?fit=810%2C540&ssl=1","jetpack_sharing_enabled":true,"_links":{"self":[{"href":"https:\/\/elterritorialweb.com.ar\/web\/wp-json\/wp\/v2\/posts\/15232","targetHints":{"allow":["GET"]}}],"collection":[{"href":"https:\/\/elterritorialweb.com.ar\/web\/wp-json\/wp\/v2\/posts"}],"about":[{"href":"https:\/\/elterritorialweb.com.ar\/web\/wp-json\/wp\/v2\/types\/post"}],"author":[{"embeddable":true,"href":"https:\/\/elterritorialweb.com.ar\/web\/wp-json\/wp\/v2\/users\/2"}],"replies":[{"embeddable":true,"href":"https:\/\/elterritorialweb.com.ar\/web\/wp-json\/wp\/v2\/comments?post=15232"}],"version-history":[{"count":1,"href":"https:\/\/elterritorialweb.com.ar\/web\/wp-json\/wp\/v2\/posts\/15232\/revisions"}],"predecessor-version":[{"id":15234,"href":"https:\/\/elterritorialweb.com.ar\/web\/wp-json\/wp\/v2\/posts\/15232\/revisions\/15234"}],"wp:featuredmedia":[{"embeddable":true,"href":"https:\/\/elterritorialweb.com.ar\/web\/wp-json\/wp\/v2\/media\/15233"}],"wp:attachment":[{"href":"https:\/\/elterritorialweb.com.ar\/web\/wp-json\/wp\/v2\/media?parent=15232"}],"wp:term":[{"taxonomy":"category","embeddable":true,"href":"https:\/\/elterritorialweb.com.ar\/web\/wp-json\/wp\/v2\/categories?post=15232"},{"taxonomy":"post_tag","embeddable":true,"href":"https:\/\/elterritorialweb.com.ar\/web\/wp-json\/wp\/v2\/tags?post=15232"}],"curies":[{"name":"wp","href":"https:\/\/api.w.org\/{rel}","templated":true}]}}