{"id":15235,"date":"2020-12-28T12:17:26","date_gmt":"2020-12-28T12:17:26","guid":{"rendered":"http:\/\/elterritorialweb.com.ar\/web\/?p=15235"},"modified":"2020-12-28T12:17:26","modified_gmt":"2020-12-28T12:17:26","slug":"el-senado-decide-si-se-legaliza-o-no-el-aborto","status":"publish","type":"post","link":"https:\/\/elterritorialweb.com.ar\/web\/el-senado-decide-si-se-legaliza-o-no-el-aborto\/","title":{"rendered":"EL SENADO DECIDE SI SE LEGALIZA O NO EL ABORTO"},"content":{"rendered":"\n<p>La discusi\u00f3n del proyecto de Ley de Interrupci\u00f3n Voluntaria del Embarazo (IVE), junto con la iniciativa para acompa\u00f1ar los primeros meses de los ni\u00f1os -conocida como el Plan de los 1.000 D\u00edas- cerrar\u00e1n el a\u00f1o parlamentario del Senado con una sesi\u00f3n que comenzar\u00e1 a media tarde del martes 29 de diciembre y que se extender\u00eda hasta el d\u00eda siguiente.<\/p>\n\n\n\n<p>Ambos proyectos ya obtuvieron sanci\u00f3n de Diputados y, si el Senado los aprueba sin cambios, ser\u00e1n convertidos en ley antes de que finalice el a\u00f1o.<\/p>\n\n\n\n<p>El&nbsp;<strong>Plan de los 1.000 D\u00edas<\/strong>, para la atenci\u00f3n y el cuidado de la salud durante el embarazo y la primera Infancia, fue dictaminado esta semana y obtendr\u00e1 el aval de la C\u00e1mara alta ya que, durante su discusi\u00f3n en comisiones, obtuvo el apoyo de todos los bloques parlamentarios.<\/p>\n\n\n\n<p>El proyecto establece una nueva&nbsp;<strong>asignaci\u00f3n por Cuidado de Salud Integral, que consiste en el pago de una Asignaci\u00f3n Universal por Hijo (AUH)<\/strong>&nbsp;a concretarse una vez por a\u00f1o para ayudar al cuidado de cada ni\u00f1o o ni\u00f1a menor de tres a\u00f1os.<\/p>\n\n\n\n<p>Al mismo tiempo,&nbsp;<strong>extiende la Asignaci\u00f3n Universal por Embarazo (AUE)<\/strong>, que pasar\u00e1 de tener seis mensualidades a nueve, para abarcar la totalidad de la gestaci\u00f3n.<\/p>\n\n\n\n<p>En tanto, el proyecto para legalizar el aborto en la Argentina cuenta casi con tantos apoyos como rechazos en el Senado, por lo que la definici\u00f3n se conocer\u00e1 ese mismo d\u00eda durante el debate.<\/p>\n\n\n\n<p>La Presidencia de la C\u00e1mara resolvi\u00f3 el mi\u00e9rcoles, a trav\u00e9s de un Decreto Parlamentario, que la sesi\u00f3n sea convocada para las 16 del martes 29 de diciembre.<\/p>\n\n\n\n<p>C\u00f3mo ser\u00e1 el desarrollo de la jornada<br>La discusi\u00f3n, como durante todo el a\u00f1o desde que se declar\u00f3 la pandemia por coronavirus,<strong>&nbsp;volver\u00e1 a ser a trav\u00e9s de videoconferencia y s\u00f3lo se permitir\u00e1 a poco m\u00e1s de una docena de legisladores en el recinto:<\/strong>&nbsp;cuatro por cada uno de los dos bloques mayoritarios (el Frente de Todos y Juntos por el Cambio) y seis por las dem\u00e1s bancadas.<\/p>\n\n\n\n<p>El resto de los legisladores deber\u00e1n pronunciar sus discursos a trav\u00e9s de la plataforma Webex que viene utiliz\u00e1ndose desde mayo y que funcion\u00f3 sin mayores inconvenientes durante los meses de la pandemia de coronavirus.<\/p>\n","protected":false},"excerpt":{"rendered":"<p>El Senado de la Naci\u00f3n tiene previsto votar una iniciativa sobre la legalizaci\u00f3n del aborto. Si hay empate, la vicepresidenta, Cristina Fern\u00e1ndez de Kirchner, tendr\u00eda un voto decisivo. Ignacio Grimaldi nos explica la antesala de un d\u00eda clave en Argentina.<\/p>\n","protected":false},"author":2,"featured_media":12840,"comment_status":"open","ping_status":"open","sticky":false,"template":"","format":"standard","meta":{"om_disable_all_campaigns":false,"_monsterinsights_skip_tracking":false,"_monsterinsights_sitenote_active":false,"_monsterinsights_sitenote_note":"","_monsterinsights_sitenote_category":0,"_uf_show_specific_survey":0,"_uf_disable_surveys":false,"jetpack_post_was_ever_published":false,"_jetpack_newsletter_access":"","_jetpack_dont_email_post_to_subs":false,"_jetpack_newsletter_tier_id":0,"_jetpack_memberships_contains_paywalled_content":false,"_jetpack_memberships_contains_paid_content":false,"footnotes":"","jetpack_publicize_message":"","jetpack_publicize_feature_enabled":true,"jetpack_social_post_already_shared":false,"jetpack_social_options":{"image_generator_settings":{"template":"highway","default_image_id":0,"font":"","enabled":false},"version":2}},"categories":[7],"tags":[],"class_list":["post-15235","post","type-post","status-publish","format-standard","has-post-thumbnail","hentry","category-nacionales"],"aioseo_notices":[],"views":6,"jetpack_publicize_connections":[],"jetpack_featured_media_url":"https:\/\/i0.wp.com\/elterritorialweb.com.ar\/web\/wp-content\/uploads\/2020\/11\/SENADO-4.jpg?fit=720%2C480&ssl=1","jetpack_sharing_enabled":true,"_links":{"self":[{"href":"https:\/\/elterritorialweb.com.ar\/web\/wp-json\/wp\/v2\/posts\/15235","targetHints":{"allow":["GET"]}}],"collection":[{"href":"https:\/\/elterritorialweb.com.ar\/web\/wp-json\/wp\/v2\/posts"}],"about":[{"href":"https:\/\/elterritorialweb.com.ar\/web\/wp-json\/wp\/v2\/types\/post"}],"author":[{"embeddable":true,"href":"https:\/\/elterritorialweb.com.ar\/web\/wp-json\/wp\/v2\/users\/2"}],"replies":[{"embeddable":true,"href":"https:\/\/elterritorialweb.com.ar\/web\/wp-json\/wp\/v2\/comments?post=15235"}],"version-history":[{"count":1,"href":"https:\/\/elterritorialweb.com.ar\/web\/wp-json\/wp\/v2\/posts\/15235\/revisions"}],"predecessor-version":[{"id":15236,"href":"https:\/\/elterritorialweb.com.ar\/web\/wp-json\/wp\/v2\/posts\/15235\/revisions\/15236"}],"wp:featuredmedia":[{"embeddable":true,"href":"https:\/\/elterritorialweb.com.ar\/web\/wp-json\/wp\/v2\/media\/12840"}],"wp:attachment":[{"href":"https:\/\/elterritorialweb.com.ar\/web\/wp-json\/wp\/v2\/media?parent=15235"}],"wp:term":[{"taxonomy":"category","embeddable":true,"href":"https:\/\/elterritorialweb.com.ar\/web\/wp-json\/wp\/v2\/categories?post=15235"},{"taxonomy":"post_tag","embeddable":true,"href":"https:\/\/elterritorialweb.com.ar\/web\/wp-json\/wp\/v2\/tags?post=15235"}],"curies":[{"name":"wp","href":"https:\/\/api.w.org\/{rel}","templated":true}]}}