{"id":15237,"date":"2020-12-28T20:56:03","date_gmt":"2020-12-28T20:56:03","guid":{"rendered":"http:\/\/elterritorialweb.com.ar\/web\/?p=15237"},"modified":"2020-12-28T20:56:04","modified_gmt":"2020-12-28T20:56:04","slug":"el-programa-mis-primeros-1700-dias-se-presento-en-colonia-el-simbolar","status":"publish","type":"post","link":"https:\/\/elterritorialweb.com.ar\/web\/el-programa-mis-primeros-1700-dias-se-presento-en-colonia-el-simbolar\/","title":{"rendered":"EL PROGRAMA \u00abMIS PRIMEROS 1700 D\u00cdAS\u00bb SE PRESENT\u00d3 EN COLONIA EL SIMBOLAR"},"content":{"rendered":"\n<p>En la oportunidad, la presentaci\u00f3n fue en la localidad de Colonia El Simbolar, departamento Robles, donde la comitiva fue encabezada por el Dr. Benjam\u00edn Coria junto al personal del Programa, siendo recibidos por el Comisionado municipal, Ram\u00f3n I\u00f1iguez.<\/p>\n\n\n\n<p>La presentaci\u00f3n y capacitaci\u00f3n sobre el uso de los productos del programa; se realiz\u00f3 en la Escuela Nro. 863 de Colonia El Simbolar, donde se congregaron (respetando el distanciamiento) madres, mujeres y familias que le dieron una c\u00e1lida bienvenida al personal de este importante programa que busca proteger la salud de mujeres, ni\u00f1os y ni\u00f1as garantizando que todas tengan las mismas oportunidades de acceder a un desarrollo integral con las mismas condiciones para todos los santiague\u00f1os.<\/p>\n\n\n\n<figure class=\"wp-block-image size-large\"><a href=\"https:\/\/i0.wp.com\/elterritorialweb.com.ar\/web\/wp-content\/uploads\/2020\/12\/MIS-PRIMEROS-1700-DIAS-EN-COLONIA-EL-SIMBOLAR-1.jpg\"><img data-recalc-dims=\"1\" decoding=\"async\" width=\"640\" height=\"428\" data-src=\"https:\/\/i0.wp.com\/elterritorialweb.com.ar\/web\/wp-content\/uploads\/2020\/12\/MIS-PRIMEROS-1700-DIAS-EN-COLONIA-EL-SIMBOLAR-1.jpg?resize=640%2C428\" alt=\"\" class=\"wp-image-15239 lazyload\" data-srcset=\"https:\/\/i0.wp.com\/elterritorialweb.com.ar\/web\/wp-content\/uploads\/2020\/12\/MIS-PRIMEROS-1700-DIAS-EN-COLONIA-EL-SIMBOLAR-1.jpg?resize=1024%2C684&amp;ssl=1 1024w, https:\/\/i0.wp.com\/elterritorialweb.com.ar\/web\/wp-content\/uploads\/2020\/12\/MIS-PRIMEROS-1700-DIAS-EN-COLONIA-EL-SIMBOLAR-1.jpg?resize=300%2C200&amp;ssl=1 300w, https:\/\/i0.wp.com\/elterritorialweb.com.ar\/web\/wp-content\/uploads\/2020\/12\/MIS-PRIMEROS-1700-DIAS-EN-COLONIA-EL-SIMBOLAR-1.jpg?resize=768%2C513&amp;ssl=1 768w, https:\/\/i0.wp.com\/elterritorialweb.com.ar\/web\/wp-content\/uploads\/2020\/12\/MIS-PRIMEROS-1700-DIAS-EN-COLONIA-EL-SIMBOLAR-1.jpg?resize=1536%2C1025&amp;ssl=1 1536w, https:\/\/i0.wp.com\/elterritorialweb.com.ar\/web\/wp-content\/uploads\/2020\/12\/MIS-PRIMEROS-1700-DIAS-EN-COLONIA-EL-SIMBOLAR-1.jpg?resize=675%2C450&amp;ssl=1 675w, https:\/\/i0.wp.com\/elterritorialweb.com.ar\/web\/wp-content\/uploads\/2020\/12\/MIS-PRIMEROS-1700-DIAS-EN-COLONIA-EL-SIMBOLAR-1.jpg?w=2048&amp;ssl=1 2048w, https:\/\/i0.wp.com\/elterritorialweb.com.ar\/web\/wp-content\/uploads\/2020\/12\/MIS-PRIMEROS-1700-DIAS-EN-COLONIA-EL-SIMBOLAR-1.jpg?w=1280 1280w, https:\/\/i0.wp.com\/elterritorialweb.com.ar\/web\/wp-content\/uploads\/2020\/12\/MIS-PRIMEROS-1700-DIAS-EN-COLONIA-EL-SIMBOLAR-1.jpg?w=1920 1920w\" data-sizes=\"(max-width: 640px) 100vw, 640px\" src=\"data:image\/svg+xml;base64,PHN2ZyB3aWR0aD0iMSIgaGVpZ2h0PSIxIiB4bWxucz0iaHR0cDovL3d3dy53My5vcmcvMjAwMC9zdmciPjwvc3ZnPg==\" style=\"--smush-placeholder-width: 640px; --smush-placeholder-aspect-ratio: 640\/428;\" \/><\/a><\/figure>\n\n\n\n<p>En este sentido, Mis primeros 1700 d\u00edas se enfoca en reforzar su nutrici\u00f3n, el acompa\u00f1amiento y los controles de salud necesarios desde el comienzo de su vida.<\/p>\n\n\n\n<p>Con respecto a esto, el <strong>Comisionado Municipal<\/strong>, <strong>Ram\u00f3n I\u00f1iguez<\/strong> dijo <em>\u201cqueremos hacer \u00e9nfasis en esta etapa importante para todos, para las mam\u00e1s y los m\u00e1s peque\u00f1os. Desde la comuna queremos lograr abarcar todas las \u00e1reas, trabajar en conjunto con los diferentes estamentos y dar un paso adelante para que todos dispongan de este programa. En esta oportunidad est\u00e1n beneficiados, tanto de la localidad de Colonia El Simbolar y de zonas allegadas, entre ellas, la localidad de Pampa Muyoj y El Barrialito\u201d<\/em>, concluy\u00f3.<a href=\"https:\/\/www.facebook.com\/prensacasadegobiernosantiago\/photos\/pcb.3401273883335092\/3401267400002407\/?__cft__[0]=AZXcKVnY1H6I53dWaPL0dqtne3tNwV_n3Km7a7OCwGl_5jJXH8w69xfiQr4diXuPeGXnEgsduz__Oq2ljDq7hg6vbRu5OWWHloe4eegEu_RWCaTZpiYnRvpSk59uB1VPV0ZnKtkNsn_Gl1siIWyQS0WJ&amp;__tn__=*bH-R\"><\/a><a href=\"https:\/\/www.facebook.com\/prensacasadegobiernosantiago\/photos\/pcb.3401273883335092\/3401273823335098\/?__cft__[0]=AZXcKVnY1H6I53dWaPL0dqtne3tNwV_n3Km7a7OCwGl_5jJXH8w69xfiQr4diXuPeGXnEgsduz__Oq2ljDq7hg6vbRu5OWWHloe4eegEu_RWCaTZpiYnRvpSk59uB1VPV0ZnKtkNsn_Gl1siIWyQS0WJ&amp;__tn__=*bH-R\"><\/a><\/p>\n","protected":false},"excerpt":{"rendered":"<p>Cumpliendo con los protocolos y normas correspondientes a seguridad por la pandemia del Covid &#8211; 19, continua su desarrollo por todo nuestro territorio, el Programa Provincial \u201cMis primeros 1700 d\u00edas\u201d. <\/p>\n","protected":false},"author":2,"featured_media":15238,"comment_status":"open","ping_status":"open","sticky":false,"template":"","format":"standard","meta":{"om_disable_all_campaigns":false,"_monsterinsights_skip_tracking":false,"_monsterinsights_sitenote_active":false,"_monsterinsights_sitenote_note":"","_monsterinsights_sitenote_category":0,"_uf_show_specific_survey":0,"_uf_disable_surveys":false,"jetpack_post_was_ever_published":false,"_jetpack_newsletter_access":"","_jetpack_dont_email_post_to_subs":false,"_jetpack_newsletter_tier_id":0,"_jetpack_memberships_contains_paywalled_content":false,"_jetpack_memberships_contains_paid_content":false,"footnotes":"","jetpack_publicize_message":"","jetpack_publicize_feature_enabled":true,"jetpack_social_post_already_shared":false,"jetpack_social_options":{"image_generator_settings":{"template":"highway","default_image_id":0,"font":"","enabled":false},"version":2}},"categories":[3],"tags":[],"class_list":["post-15237","post","type-post","status-publish","format-standard","has-post-thumbnail","hentry","category-salud"],"aioseo_notices":[],"views":4,"jetpack_publicize_connections":[],"jetpack_featured_media_url":"https:\/\/i0.wp.com\/elterritorialweb.com.ar\/web\/wp-content\/uploads\/2020\/12\/MIS-PRIMEROS-1700-DIAS-EN-COLONIA-EL-SIMBOLAR.jpg?fit=2048%2C1367&ssl=1","jetpack_sharing_enabled":true,"_links":{"self":[{"href":"https:\/\/elterritorialweb.com.ar\/web\/wp-json\/wp\/v2\/posts\/15237","targetHints":{"allow":["GET"]}}],"collection":[{"href":"https:\/\/elterritorialweb.com.ar\/web\/wp-json\/wp\/v2\/posts"}],"about":[{"href":"https:\/\/elterritorialweb.com.ar\/web\/wp-json\/wp\/v2\/types\/post"}],"author":[{"embeddable":true,"href":"https:\/\/elterritorialweb.com.ar\/web\/wp-json\/wp\/v2\/users\/2"}],"replies":[{"embeddable":true,"href":"https:\/\/elterritorialweb.com.ar\/web\/wp-json\/wp\/v2\/comments?post=15237"}],"version-history":[{"count":1,"href":"https:\/\/elterritorialweb.com.ar\/web\/wp-json\/wp\/v2\/posts\/15237\/revisions"}],"predecessor-version":[{"id":15240,"href":"https:\/\/elterritorialweb.com.ar\/web\/wp-json\/wp\/v2\/posts\/15237\/revisions\/15240"}],"wp:featuredmedia":[{"embeddable":true,"href":"https:\/\/elterritorialweb.com.ar\/web\/wp-json\/wp\/v2\/media\/15238"}],"wp:attachment":[{"href":"https:\/\/elterritorialweb.com.ar\/web\/wp-json\/wp\/v2\/media?parent=15237"}],"wp:term":[{"taxonomy":"category","embeddable":true,"href":"https:\/\/elterritorialweb.com.ar\/web\/wp-json\/wp\/v2\/categories?post=15237"},{"taxonomy":"post_tag","embeddable":true,"href":"https:\/\/elterritorialweb.com.ar\/web\/wp-json\/wp\/v2\/tags?post=15237"}],"curies":[{"name":"wp","href":"https:\/\/api.w.org\/{rel}","templated":true}]}}