{"id":15241,"date":"2020-12-28T21:47:59","date_gmt":"2020-12-28T21:47:59","guid":{"rendered":"http:\/\/elterritorialweb.com.ar\/web\/?p=15241"},"modified":"2020-12-28T21:50:43","modified_gmt":"2020-12-28T21:50:43","slug":"las-vacunas-sputnik-v-ya-se-encuantran-en-el-ministerio-de-salud-de-la-provincia","status":"publish","type":"post","link":"https:\/\/elterritorialweb.com.ar\/web\/las-vacunas-sputnik-v-ya-se-encuantran-en-el-ministerio-de-salud-de-la-provincia\/","title":{"rendered":"LAS VACUNAS SPUTNIK V YA SE ENCUENTRAN EN EL MINISTERIO DE SALUD DE LA PROVINCIA"},"content":{"rendered":"\n<p>Luego de m\u00e1s de 10 meses de un arduo e incansable trabajo para enfrentar la Pandemia por COVID-19, el Gobierno de la provincia dar\u00e1 inicio ma\u00f1ana a la campa\u00f1a de vacunaci\u00f3n en el Hospital Independencia a las 9 hs. inmunizando a los equipos de salud de \u00e1reas cr\u00edticas.<\/p>\n\n\n\n<p>Recibieron la Sputnik V, la ministra de Salud, Lic. Natividad Nassif y la Jefa del Programa de Inmunizaciones, Dra Florencia Coronel.<\/p>\n\n\n\n<p><em>\u00abLa llegada de esta vacuna es esperanzadora y nos anuncia el inicio de un camino para contener la morbimortalidad de muchas personas expuestas al riesgo de contagio de COVID-19\u00bb<\/em>, indic\u00f3 la ministra de Salud<strong> Natividad Nassif.<\/strong><\/p>\n\n\n\n<p><strong>La ministra<\/strong> advirti\u00f3 que se inicia un proceso <em>\u201cque llevar\u00e1 su tiempo para lograr la vacunaci\u00f3n del 80% de la poblaci\u00f3n\u201d<\/em>. <em>\u201cEl virus va a continuar circulando por eso debemos seguir con los h\u00e1bitos que nos protegen: uso de barbijo, lavado de manos, distanciamiento, limpieza de superficies. Eso no debemos dejar de hacer, hasta que este toda la poblaci\u00f3n vulnerable est\u00e9 vacunada\u201d<\/em>, asegur\u00f3.<\/p>\n\n\n\n<p>La vacunaci\u00f3n se inicia con el personal de salud de \u00e1reas cr\u00edticas (UTI, UCI, guardias, personal de ambulancia) de los Hospitales de Capital y La Banda y luego continuar\u00e1 con el resto del personal de salud, aproximadamente 11.000 personas en toda la provincia. <em>\u201cA medida que vayan llegando las dosis, se ir\u00e1 incorporando la poblaci\u00f3n objetivo: mayores de 60 a\u00f1os, fuerzas de seguridad, personas con factores de riesgo entre 18 y 59 a\u00f1os y la docencia\u201d.<\/em><\/p>\n\n\n\n<p><strong>La Sputnik V, procedente de Rusia tiene dos dosis (la segunda a los 21 d\u00edas) y una exigencia de conservaci\u00f3n de menos 20 grados por lo que las vacunas se encuentran conservadas en un freezer de ultra fr\u00edo, tal como lo demanda los procedimientos de bioseguridad. <\/strong><\/p>\n\n\n\n<p><em>\u201cHemos venido prepar\u00e1ndonos todo este tiempo con el Plan de Vacunaci\u00f3n COVID y tenemos todos los recursos necesarios para que esto sea una campa\u00f1a exitosa, que ser\u00e1 in\u00e9dita en el mundo y muy esperada por toda la poblaci\u00f3n\u201d<\/em>, concluy\u00f3 la Ministra. <\/p>\n\n\n\n<p>La <strong>Dra. Florencia Coronel<\/strong>, jefa del Programa Provincial de Inmunizaciones, explic\u00f3 que su llegada <em>\u201cse estabiliza la temperatura de la vacuna y se prepara la caja t\u00e9rmica para que tenga la temperatura menos de 20 grados que se enviar\u00e1, en primer lugar, al Hospital Independencia, donde ya tienen el freezer todo preparado para iniciar la primera fase de la vacunaci\u00f3n en este Hospital COVID\u201d, coment\u00f3. Con el mismo sistema, se va preparar toda la log\u00edstica para llegar al interior de la provincia. \u201cEsto necesita una log\u00edstica muy aceitada en la cadena de fr\u00edo con el objetivo de mantener estable la vacuna a menos de 20 grados\u201d<\/em>, indic\u00f3.<\/p>\n\n\n\n<p>De forma conjunta se dio a conocer el carnet \u00fanico de vacunaci\u00f3n contra el Sars Cov2 (Coronavirus) donde se registrar\u00e1 la vacuna colocada. Al momento de recibir la segunda dosis, es necesario contar con el carnet que acredite haber recibido la primera. Por lo tanto es muy importante su conservaci\u00f3n, por tal motivo las autoridades recomiendan sacarle una foto en el caso de que el documento papel pueda extraviarse.<a href=\"https:\/\/www.facebook.com\/prensacasadegobiernosantiago\/photos\/a.1462909460504887\/3401280016667812\/?__cft__[0]=AZWc9O4Zz3Qpumi_vyr7hkD66bW5NKXD89gpNA52V4pRnOoCQ-BLXyPlVs0CxdaLrvVJyl28zQdB3_67cPmEhLA0o9qnhyBas5Tv7tGSrUdzXbPYJItOOjTazXgaqPKXqoUosandu5qqfPuxMfzIir3F&amp;__tn__=EH-R\"><\/a><\/p>\n","protected":false},"excerpt":{"rendered":"<p>Durante la ma\u00f1ana, las autoridades sanitarias supervisaron la llegada de la primera remesa de vacunas enviadas desde la Naci\u00f3n que permanecer\u00e1n en resguardo en las c\u00e1maras de vacunas del Ministerio de Salud.<\/p>\n","protected":false},"author":2,"featured_media":15242,"comment_status":"open","ping_status":"open","sticky":false,"template":"","format":"standard","meta":{"om_disable_all_campaigns":false,"_monsterinsights_skip_tracking":false,"_monsterinsights_sitenote_active":false,"_monsterinsights_sitenote_note":"","_monsterinsights_sitenote_category":0,"_uf_show_specific_survey":0,"_uf_disable_surveys":false,"jetpack_post_was_ever_published":false,"_jetpack_newsletter_access":"","_jetpack_dont_email_post_to_subs":false,"_jetpack_newsletter_tier_id":0,"_jetpack_memberships_contains_paywalled_content":false,"_jetpack_memberships_contains_paid_content":false,"footnotes":"","jetpack_publicize_message":"","jetpack_publicize_feature_enabled":true,"jetpack_social_post_already_shared":false,"jetpack_social_options":{"image_generator_settings":{"template":"highway","default_image_id":0,"font":"","enabled":false},"version":2}},"categories":[3],"tags":[],"class_list":["post-15241","post","type-post","status-publish","format-standard","has-post-thumbnail","hentry","category-salud"],"aioseo_notices":[],"views":5,"jetpack_publicize_connections":[],"jetpack_featured_media_url":"https:\/\/i0.wp.com\/elterritorialweb.com.ar\/web\/wp-content\/uploads\/2020\/12\/VACUNAS-EN-EL-MINISTERIO.jpg?fit=1280%2C853&ssl=1","jetpack_sharing_enabled":true,"_links":{"self":[{"href":"https:\/\/elterritorialweb.com.ar\/web\/wp-json\/wp\/v2\/posts\/15241","targetHints":{"allow":["GET"]}}],"collection":[{"href":"https:\/\/elterritorialweb.com.ar\/web\/wp-json\/wp\/v2\/posts"}],"about":[{"href":"https:\/\/elterritorialweb.com.ar\/web\/wp-json\/wp\/v2\/types\/post"}],"author":[{"embeddable":true,"href":"https:\/\/elterritorialweb.com.ar\/web\/wp-json\/wp\/v2\/users\/2"}],"replies":[{"embeddable":true,"href":"https:\/\/elterritorialweb.com.ar\/web\/wp-json\/wp\/v2\/comments?post=15241"}],"version-history":[{"count":2,"href":"https:\/\/elterritorialweb.com.ar\/web\/wp-json\/wp\/v2\/posts\/15241\/revisions"}],"predecessor-version":[{"id":15244,"href":"https:\/\/elterritorialweb.com.ar\/web\/wp-json\/wp\/v2\/posts\/15241\/revisions\/15244"}],"wp:featuredmedia":[{"embeddable":true,"href":"https:\/\/elterritorialweb.com.ar\/web\/wp-json\/wp\/v2\/media\/15242"}],"wp:attachment":[{"href":"https:\/\/elterritorialweb.com.ar\/web\/wp-json\/wp\/v2\/media?parent=15241"}],"wp:term":[{"taxonomy":"category","embeddable":true,"href":"https:\/\/elterritorialweb.com.ar\/web\/wp-json\/wp\/v2\/categories?post=15241"},{"taxonomy":"post_tag","embeddable":true,"href":"https:\/\/elterritorialweb.com.ar\/web\/wp-json\/wp\/v2\/tags?post=15241"}],"curies":[{"name":"wp","href":"https:\/\/api.w.org\/{rel}","templated":true}]}}