{"id":15256,"date":"2020-12-29T01:20:40","date_gmt":"2020-12-29T01:20:40","guid":{"rendered":"http:\/\/elterritorialweb.com.ar\/web\/?p=15256"},"modified":"2020-12-29T01:20:41","modified_gmt":"2020-12-29T01:20:41","slug":"7-216-nuevos-casos-de-covid-19-en-un-dia-con-un-total-de-1-590-513-infectados-en-el-pais","status":"publish","type":"post","link":"https:\/\/elterritorialweb.com.ar\/web\/7-216-nuevos-casos-de-covid-19-en-un-dia-con-un-total-de-1-590-513-infectados-en-el-pais\/","title":{"rendered":"7.216 NUEVOS CASOS DE COVID-19 EN UN D\u00cdA, CON UN TOTAL DE 1.590.513 INFECTADOS EN EL PA\u00cdS"},"content":{"rendered":"\n<p><strong>Otras 218 personas murieron y 7.216 fueron reportadas con coronavirus en las \u00faltimas 24 horas en la Argentina, con lo que suman 42.650 los fallecidos registrados oficialmente a nivel nacional y 1.590.513 los contagiados desde el inicio de la pandemia, inform\u00f3 este lunes el Ministerio de Salud.<\/strong><\/p>\n\n\n\n<p>Un 51,77% (3.776 personas) de los infectados de este lunes (7.216) corresponden a la Ciudad y a la Provincia de Buenos Aires.<\/p>\n\n\n\n<p><strong>De los 1.590.513 contagiados, el 88,94% (1.414.680) recibi\u00f3 el alta y 132.965 son casos confirmados activos.<\/strong><\/p>\n\n\n\n<p>El reporte vespertino consign\u00f3 que murieron 120 hombres, 47 residentes en la provincia de Buenos Aires; 11 en Ciudad de Buenos Aires; 6 en Chaco; 4 en Chubut; 5 en C\u00f3rdoba; 1 en Corrientes; 1 en Entre R\u00edos; 4 en La Pampa; 1 en Mendoza; 5 en R\u00edo Negro; 1 en Salta; 6 en Santa Cruz; y 28 en Santa Fe.<\/p>\n\n\n\n<p>Tambi\u00e9n fallecieron 98 mujeres: 43 en la provincia de Buenos Aires; 9 en la Ciudad de Buenos Aires; 1 en Chaco; 2 en C\u00f3rdoba; 1 en Corrientes; 1 en Entre R\u00edos; 1 en Jujuy; 4 en La Pampa; 2 en Mendoza; 1 en R\u00edo Negro; 1 en San Juan; 1 en San Luis; 3 en Santa Cruz; 27 en Santa Fe y 1 en Tucum\u00e1n.<\/p>\n\n\n\n<p>Este lunes se registraron en la provincia de Buenos Aires 2.873 casos; en la Ciudad de Buenos Aires, 863; en Catamarca, 31; en Chaco, 121; en Chubut, 451; en Corrientes, 183; en C\u00f3rdoba, 286; en Entre R\u00edos, 178; en Formosa, 7; en Jujuy, 3; en La Pampa, 208; en La Rioja, 4; en Mendoza, 77; en Misiones, 3; en Neuqu\u00e9n, 206; en R\u00edo Negro, 263; en Salta, 8; en San Juan, 150; en San Luis, 34; en Santa Cruz, 265; en Santa Fe, 718; en Santiago del Estero, 61; Tierra del Fuego, 63 y en Tucum\u00e1n 160.<\/p>\n\n\n\n<p>En las \u00faltimas 24 horas fueron realizados 28.978 testeos y desde el inicio del brote se realizaron 4.712.288 pruebas diagn\u00f3sticas para esta enfermedad, lo que equivale a 103.848 muestras por mill\u00f3n de habitantes.<\/p>\n\n\n\n<p>El total de acumulados por distrito indica que la provincia de Buenos Aires suma 670.863 casos; la Ciudad de Buenos Aires, 171.190; Catamarca, 2.607; Chaco, 23.968; Chubut, 30.332; Corrientes, 11.556; C\u00f3rdoba 125.379; Entre R\u00edos, 28.256; Formosa, 221; Jujuy, 18.509; La Pampa, 9.914; La Rioja, 9.072; Mendoza, 59.686; Misiones, 1.014; Neuqu\u00e9n, 39.571; R\u00edo Negro, 37.540; Salta, 22.216; San Juan, 11.050; San Luis, 16.066; Santa Cruz, 22.504; Santa Fe, 172.488; Santiago del Estero, 17.132; Tierra del Fuego, 18.802 y Tucum\u00e1n, 70.567.<\/p>\n\n\n\n<p>Se incluyen 17 casos existentes en las Islas Malvinas seg\u00fan informaci\u00f3n de prensa (debido a la ocupaci\u00f3n ilegal del Reino Unido, Gran Breta\u00f1a e Irlanda del Norte no es posible contar con informaci\u00f3n propia sobre el impacto del Covid-19 en esa parte del territorio argentino).<\/p>\n","protected":false},"excerpt":{"rendered":"<p>INFORME DEL MINISTERIO DE SALUD DE LA NACI\u00d3N<\/p>\n","protected":false},"author":2,"featured_media":15257,"comment_status":"open","ping_status":"open","sticky":false,"template":"","format":"standard","meta":{"om_disable_all_campaigns":false,"_monsterinsights_skip_tracking":false,"_monsterinsights_sitenote_active":false,"_monsterinsights_sitenote_note":"","_monsterinsights_sitenote_category":0,"_uf_show_specific_survey":0,"_uf_disable_surveys":false,"jetpack_post_was_ever_published":false,"_jetpack_newsletter_access":"","_jetpack_dont_email_post_to_subs":false,"_jetpack_newsletter_tier_id":0,"_jetpack_memberships_contains_paywalled_content":false,"_jetpack_memberships_contains_paid_content":false,"footnotes":"","jetpack_publicize_message":"","jetpack_publicize_feature_enabled":true,"jetpack_social_post_already_shared":false,"jetpack_social_options":{"image_generator_settings":{"template":"highway","default_image_id":0,"font":"","enabled":false},"version":2}},"categories":[3],"tags":[],"class_list":["post-15256","post","type-post","status-publish","format-standard","has-post-thumbnail","hentry","category-salud"],"aioseo_notices":[],"views":4,"jetpack_publicize_connections":[],"jetpack_featured_media_url":"https:\/\/i0.wp.com\/elterritorialweb.com.ar\/web\/wp-content\/uploads\/2020\/12\/NUEVOS-CASOS-28-DE-DICIEMBRE.jpg?fit=680%2C382&ssl=1","jetpack_sharing_enabled":true,"_links":{"self":[{"href":"https:\/\/elterritorialweb.com.ar\/web\/wp-json\/wp\/v2\/posts\/15256","targetHints":{"allow":["GET"]}}],"collection":[{"href":"https:\/\/elterritorialweb.com.ar\/web\/wp-json\/wp\/v2\/posts"}],"about":[{"href":"https:\/\/elterritorialweb.com.ar\/web\/wp-json\/wp\/v2\/types\/post"}],"author":[{"embeddable":true,"href":"https:\/\/elterritorialweb.com.ar\/web\/wp-json\/wp\/v2\/users\/2"}],"replies":[{"embeddable":true,"href":"https:\/\/elterritorialweb.com.ar\/web\/wp-json\/wp\/v2\/comments?post=15256"}],"version-history":[{"count":1,"href":"https:\/\/elterritorialweb.com.ar\/web\/wp-json\/wp\/v2\/posts\/15256\/revisions"}],"predecessor-version":[{"id":15258,"href":"https:\/\/elterritorialweb.com.ar\/web\/wp-json\/wp\/v2\/posts\/15256\/revisions\/15258"}],"wp:featuredmedia":[{"embeddable":true,"href":"https:\/\/elterritorialweb.com.ar\/web\/wp-json\/wp\/v2\/media\/15257"}],"wp:attachment":[{"href":"https:\/\/elterritorialweb.com.ar\/web\/wp-json\/wp\/v2\/media?parent=15256"}],"wp:term":[{"taxonomy":"category","embeddable":true,"href":"https:\/\/elterritorialweb.com.ar\/web\/wp-json\/wp\/v2\/categories?post=15256"},{"taxonomy":"post_tag","embeddable":true,"href":"https:\/\/elterritorialweb.com.ar\/web\/wp-json\/wp\/v2\/tags?post=15256"}],"curies":[{"name":"wp","href":"https:\/\/api.w.org\/{rel}","templated":true}]}}