{"id":15259,"date":"2020-12-29T01:49:05","date_gmt":"2020-12-29T01:49:05","guid":{"rendered":"http:\/\/elterritorialweb.com.ar\/web\/?p=15259"},"modified":"2020-12-29T01:49:10","modified_gmt":"2020-12-29T01:49:10","slug":"central-cordoba-perdio-en-rosario-ante-newells","status":"publish","type":"post","link":"https:\/\/elterritorialweb.com.ar\/web\/central-cordoba-perdio-en-rosario-ante-newells\/","title":{"rendered":"CENTRAL C\u00d3RDOBA PERDI\u00d3 EN ROSARIO ANTE NEWELL\u00b4S"},"content":{"rendered":"\n<p><a href=\"https:\/\/www.tycsports.com\/liga-profesional-de-futbol-\/argentina-copa-diego-a-maradona-2020-newells-vs-central-cordoba-se-grupo-b-fecha-3-id311511.html#\"><\/a><strong>Newell&#8217;s\u00a0<\/strong>sufri\u00f3 pero se termin\u00f3 quedando con un buen triunfo ante<strong>\u00a0Central C\u00f3rdoba de Santiago del Estero.<\/strong>\u00a0En el Coloso Marcelo Bielsa, la Lepra<strong>\u00a0se impuso por 3-1 y qued\u00f3 como l\u00edder de la Zona Complementaci\u00f3n B de la Copa Diego Armando Maradona<\/strong>\u00a0tras tres fechas y con puntaje ideal. Para el local anotaron\u00a0<strong>Sebasti\u00e1n Palacios, Luciano Cingolani y Juan Sforza<\/strong>, empataba transitoriamente\u00a0<strong>Claudio Ria\u00f1o\u00a0<\/strong>para la visita.<\/p>\n\n\n\n<p>Tras un primer tiempo m\u00e1s friccionado que jugado, con muchas interrupciones por distintos dolores, sobre todo por el lado de los dirigidos por<strong>\u00a0Fran Kudelka<\/strong>, que merecieron irse al descanso con el resultado a favor, pero los palos le negaron la apertura del marcador. Para el complemento, r\u00e1pidamente lograron romper el cero a trav\u00e9s del Tucu Palacios,\u00a0<strong>que recibi\u00f3 de Alexis Rodr\u00edguez y defini\u00f3 con el arco vac\u00edo.<\/strong><\/p>\n\n\n\n<p>Newell&#8217;s presion\u00f3 con uno m\u00e1s y, a falta de 10 minutos<strong>, Luciano Cingolani, de cabeza<\/strong>, le devolvi\u00f3 la ventaja, que termin\u00f3 de confirmar\u00a0<strong>Juan Sforza con un potente remate de afuera del \u00e1rea tras un c\u00f3rner.<\/strong><\/p>\n\n\n\n<p>Fue final 3-1 y La Lepra qued\u00f3 con 9 puntos y l\u00edder de la Zona Complementaci\u00f3n B, mientras que Central C\u00f3rdoba qued\u00f3 en el fondo con apenas una unidad.<\/p>\n\n\n\n<p><strong>FORMACIONES <\/strong><\/p>\n\n\n\n<p><strong>Newell&#8217;s Old Boys:<\/strong> Ramigo\u00a0Macagno; \u00c1ngelo\u00a0Gabrielli, Manuel\u00a0Guanini, Santiago\u00a0Gentiletti, Mariano\u00a0B\u00edttolo; Jer\u00f3nimo\u00a0Cacciabue, Juli\u00e1n\u00a0Fern\u00e1ndez, Mauro\u00a0Formica; Sebasti\u00e1n\u00a0Palacios, Maximiliano\u00a0Rodr\u00edguez\u00a0y\u00a0Alexis\u00a0Rodr\u00edguez. DT: Frank\u00a0Kudelka.<\/p>\n\n\n\n<p><strong>Central C\u00f3rdoba: <\/strong>C\u00e9sar\u00a0Taborda; Ismael\u00a0Quilez, Oscar\u00a0Salom\u00f3n, Alejandro\u00a0Maciel, Jonathan\u00a0Bay; Leandro\u00a0Vella, Francisco\u00a0Cerro, Cristian\u00a0Vega, Santiago\u00a0Rosales; Juan\u00a0Vieyra\u00a0y\u00a0Pablo\u00a0Arga\u00f1araz. DT: Alexis\u00a0Ferrero.<\/p>\n","protected":false},"excerpt":{"rendered":"<p>La Lepra se impuso por 3-1 ante el Ferroviario con goles de Palacios, Cingolani y Sforza en el Marcelo Bielsa y qued\u00f3 como l\u00edder de la Zona Complementaci\u00f3n B con puntaje ideal.<\/p>\n","protected":false},"author":2,"featured_media":15260,"comment_status":"open","ping_status":"open","sticky":false,"template":"","format":"standard","meta":{"om_disable_all_campaigns":false,"_monsterinsights_skip_tracking":false,"_monsterinsights_sitenote_active":false,"_monsterinsights_sitenote_note":"","_monsterinsights_sitenote_category":0,"_uf_show_specific_survey":0,"_uf_disable_surveys":false,"jetpack_post_was_ever_published":false,"_jetpack_newsletter_access":"","_jetpack_dont_email_post_to_subs":false,"_jetpack_newsletter_tier_id":0,"_jetpack_memberships_contains_paywalled_content":false,"_jetpack_memberships_contains_paid_content":false,"footnotes":"","jetpack_publicize_message":"","jetpack_publicize_feature_enabled":true,"jetpack_social_post_already_shared":false,"jetpack_social_options":{"image_generator_settings":{"template":"highway","default_image_id":0,"font":"","enabled":false},"version":2}},"categories":[6],"tags":[],"class_list":["post-15259","post","type-post","status-publish","format-standard","has-post-thumbnail","hentry","category-deportes"],"aioseo_notices":[],"views":5,"jetpack_publicize_connections":[],"jetpack_featured_media_url":"https:\/\/i0.wp.com\/elterritorialweb.com.ar\/web\/wp-content\/uploads\/2020\/12\/NEWELLS-VS-CENTRAL.jpg?fit=680%2C427&ssl=1","jetpack_sharing_enabled":true,"_links":{"self":[{"href":"https:\/\/elterritorialweb.com.ar\/web\/wp-json\/wp\/v2\/posts\/15259","targetHints":{"allow":["GET"]}}],"collection":[{"href":"https:\/\/elterritorialweb.com.ar\/web\/wp-json\/wp\/v2\/posts"}],"about":[{"href":"https:\/\/elterritorialweb.com.ar\/web\/wp-json\/wp\/v2\/types\/post"}],"author":[{"embeddable":true,"href":"https:\/\/elterritorialweb.com.ar\/web\/wp-json\/wp\/v2\/users\/2"}],"replies":[{"embeddable":true,"href":"https:\/\/elterritorialweb.com.ar\/web\/wp-json\/wp\/v2\/comments?post=15259"}],"version-history":[{"count":1,"href":"https:\/\/elterritorialweb.com.ar\/web\/wp-json\/wp\/v2\/posts\/15259\/revisions"}],"predecessor-version":[{"id":15261,"href":"https:\/\/elterritorialweb.com.ar\/web\/wp-json\/wp\/v2\/posts\/15259\/revisions\/15261"}],"wp:featuredmedia":[{"embeddable":true,"href":"https:\/\/elterritorialweb.com.ar\/web\/wp-json\/wp\/v2\/media\/15260"}],"wp:attachment":[{"href":"https:\/\/elterritorialweb.com.ar\/web\/wp-json\/wp\/v2\/media?parent=15259"}],"wp:term":[{"taxonomy":"category","embeddable":true,"href":"https:\/\/elterritorialweb.com.ar\/web\/wp-json\/wp\/v2\/categories?post=15259"},{"taxonomy":"post_tag","embeddable":true,"href":"https:\/\/elterritorialweb.com.ar\/web\/wp-json\/wp\/v2\/tags?post=15259"}],"curies":[{"name":"wp","href":"https:\/\/api.w.org\/{rel}","templated":true}]}}