{"id":15270,"date":"2020-12-29T17:31:39","date_gmt":"2020-12-29T17:31:39","guid":{"rendered":"http:\/\/elterritorialweb.com.ar\/web\/?p=15270"},"modified":"2020-12-29T17:31:40","modified_gmt":"2020-12-29T17:31:40","slug":"el-gobernador-participo-del-lanzamiento-de-la-campana-nacional-vacunacion","status":"publish","type":"post","link":"https:\/\/elterritorialweb.com.ar\/web\/el-gobernador-participo-del-lanzamiento-de-la-campana-nacional-vacunacion\/","title":{"rendered":"EL GOBERNADOR PARTICIP\u00d3 DEL LANZAMIENTO DE LA CAMPA\u00d1A NACIONAL VACUNACI\u00d3N"},"content":{"rendered":"\n<p>El primer mandatario provincial estuvo acompa\u00f1ado por la ministra de Salud, <strong>Lic. Natividad Nassif,<\/strong> el subsecretario de Salud, <strong>Dr. Cesar Monti<\/strong> y \u00a0la referente de Epidemiologia del Ministerio de Salud de la provincia, <strong>Dra.<\/strong> <strong>Florencia Coronel.<\/strong><\/p>\n\n\n\n<p><strong>La primera en recibir la vacuna fue Mar\u00eda S\u00e1nchez<\/strong>,<strong> jefa de enfermer\u00eda de terapia intensiva del Hospital Independencia.<\/strong> Luego continu\u00f3 con la vacunaci\u00f3n de m\u00e9dicos y enfermeras que se desempe\u00f1an en ese centro de salud, referencia durante toda la pandemia de\u00a0<strong>covid-19<\/strong>, Dr. Miguel Salom\u00f3n, Dr. Ram\u00f3n Vergara, Dr. Pablo Secco, y Dr. Rodrigo Montesino.<\/p>\n\n\n\n<figure class=\"wp-block-image size-large\"><a href=\"https:\/\/i0.wp.com\/elterritorialweb.com.ar\/web\/wp-content\/uploads\/2020\/12\/campana-1.jpg\"><img data-recalc-dims=\"1\" decoding=\"async\" width=\"640\" height=\"428\" data-src=\"https:\/\/i0.wp.com\/elterritorialweb.com.ar\/web\/wp-content\/uploads\/2020\/12\/campana-1.jpg?resize=640%2C428\" alt=\"\" class=\"wp-image-15272 lazyload\" data-srcset=\"https:\/\/i0.wp.com\/elterritorialweb.com.ar\/web\/wp-content\/uploads\/2020\/12\/campana-1.jpg?resize=1024%2C684&amp;ssl=1 1024w, https:\/\/i0.wp.com\/elterritorialweb.com.ar\/web\/wp-content\/uploads\/2020\/12\/campana-1.jpg?resize=300%2C200&amp;ssl=1 300w, https:\/\/i0.wp.com\/elterritorialweb.com.ar\/web\/wp-content\/uploads\/2020\/12\/campana-1.jpg?resize=768%2C513&amp;ssl=1 768w, https:\/\/i0.wp.com\/elterritorialweb.com.ar\/web\/wp-content\/uploads\/2020\/12\/campana-1.jpg?resize=675%2C450&amp;ssl=1 675w, https:\/\/i0.wp.com\/elterritorialweb.com.ar\/web\/wp-content\/uploads\/2020\/12\/campana-1.jpg?w=1080&amp;ssl=1 1080w\" data-sizes=\"(max-width: 640px) 100vw, 640px\" src=\"data:image\/svg+xml;base64,PHN2ZyB3aWR0aD0iMSIgaGVpZ2h0PSIxIiB4bWxucz0iaHR0cDovL3d3dy53My5vcmcvMjAwMC9zdmciPjwvc3ZnPg==\" style=\"--smush-placeholder-width: 640px; --smush-placeholder-aspect-ratio: 640\/428;\" \/><\/a><\/figure>\n\n\n\n<p>Tras el inicio de la campa\u00f1a nacional de vacunaci\u00f3n, el <strong>Gobernador Gerardo Zamora <\/strong>manifest\u00f3 <em>\u201choy se da un paso importante en la lucha contra esta pandemia en el pa\u00eds\u201d<\/em> y destac\u00f3 la vacunaci\u00f3n de <em>\u201clas primeras personas que son las que forman parte del \u00e1rea de salud del hospital independencia\u201d<\/em>.<\/p>\n\n\n\n<p>Agreg\u00f3 que <em>\u201cojala podamos tener todas las vacunas posibles en el menor tiempo y eso confiamos mucho en el presidente Alberto Fern\u00e1ndez\u201d<\/em>. Finalmente el <strong>Dr. Zamora <\/strong>dijo <em>\u201ces importante que a medida que se vaya vacunando se tomen todas las precauciones. Hoy estamos en una meseta baja, la provincia ha flexibilizado much\u00edsimo la actividad, y vamos esperando el turno para que nos toque a todos la vacuna, de acuerdo a las prioridades que se han establecido\u201d y agreg\u00f3 que mientras tanto \u201ces importante que mantengamos distancia, usemos el barbijo, que no participemos de reuniones sociales, porque la campa\u00f1a de vacunaci\u00f3n va a durar bastante cantidad de meses\u201c<\/em>.<\/p>\n","protected":false},"excerpt":{"rendered":"<p>El Gobernador de la provincia, Dr. Gerardo Zamora particip\u00f3 del lanzamiento de la campa\u00f1a nacional de vacunaci\u00f3n contra el Covid 19, que tambi\u00e9n se realiz\u00f3, en forma simult\u00e1nea, desde el Hospital Independencia en Santiago del Estero. <\/p>\n","protected":false},"author":2,"featured_media":15271,"comment_status":"open","ping_status":"open","sticky":false,"template":"","format":"standard","meta":{"om_disable_all_campaigns":false,"_monsterinsights_skip_tracking":false,"_monsterinsights_sitenote_active":false,"_monsterinsights_sitenote_note":"","_monsterinsights_sitenote_category":0,"_uf_show_specific_survey":0,"_uf_disable_surveys":false,"jetpack_post_was_ever_published":false,"_jetpack_newsletter_access":"","_jetpack_dont_email_post_to_subs":false,"_jetpack_newsletter_tier_id":0,"_jetpack_memberships_contains_paywalled_content":false,"_jetpack_memberships_contains_paid_content":false,"footnotes":"","jetpack_publicize_message":"","jetpack_publicize_feature_enabled":true,"jetpack_social_post_already_shared":false,"jetpack_social_options":{"image_generator_settings":{"template":"highway","default_image_id":0,"font":"","enabled":false},"version":2}},"categories":[3],"tags":[],"class_list":["post-15270","post","type-post","status-publish","format-standard","has-post-thumbnail","hentry","category-salud"],"aioseo_notices":[],"views":6,"jetpack_publicize_connections":[],"jetpack_featured_media_url":"https:\/\/i0.wp.com\/elterritorialweb.com.ar\/web\/wp-content\/uploads\/2020\/12\/campana.jpg?fit=1080%2C726&ssl=1","jetpack_sharing_enabled":true,"_links":{"self":[{"href":"https:\/\/elterritorialweb.com.ar\/web\/wp-json\/wp\/v2\/posts\/15270","targetHints":{"allow":["GET"]}}],"collection":[{"href":"https:\/\/elterritorialweb.com.ar\/web\/wp-json\/wp\/v2\/posts"}],"about":[{"href":"https:\/\/elterritorialweb.com.ar\/web\/wp-json\/wp\/v2\/types\/post"}],"author":[{"embeddable":true,"href":"https:\/\/elterritorialweb.com.ar\/web\/wp-json\/wp\/v2\/users\/2"}],"replies":[{"embeddable":true,"href":"https:\/\/elterritorialweb.com.ar\/web\/wp-json\/wp\/v2\/comments?post=15270"}],"version-history":[{"count":1,"href":"https:\/\/elterritorialweb.com.ar\/web\/wp-json\/wp\/v2\/posts\/15270\/revisions"}],"predecessor-version":[{"id":15273,"href":"https:\/\/elterritorialweb.com.ar\/web\/wp-json\/wp\/v2\/posts\/15270\/revisions\/15273"}],"wp:featuredmedia":[{"embeddable":true,"href":"https:\/\/elterritorialweb.com.ar\/web\/wp-json\/wp\/v2\/media\/15271"}],"wp:attachment":[{"href":"https:\/\/elterritorialweb.com.ar\/web\/wp-json\/wp\/v2\/media?parent=15270"}],"wp:term":[{"taxonomy":"category","embeddable":true,"href":"https:\/\/elterritorialweb.com.ar\/web\/wp-json\/wp\/v2\/categories?post=15270"},{"taxonomy":"post_tag","embeddable":true,"href":"https:\/\/elterritorialweb.com.ar\/web\/wp-json\/wp\/v2\/tags?post=15270"}],"curies":[{"name":"wp","href":"https:\/\/api.w.org\/{rel}","templated":true}]}}