{"id":15274,"date":"2020-12-29T21:40:07","date_gmt":"2020-12-29T21:40:07","guid":{"rendered":"http:\/\/elterritorialweb.com.ar\/web\/?p=15274"},"modified":"2020-12-29T21:40:08","modified_gmt":"2020-12-29T21:40:08","slug":"el-gobierno-provincial-entrego-camiones-fumigadores-a-cuatro-municipios","status":"publish","type":"post","link":"https:\/\/elterritorialweb.com.ar\/web\/el-gobierno-provincial-entrego-camiones-fumigadores-a-cuatro-municipios\/","title":{"rendered":"EL GOBIERNO PROVINCIAL ENTREG\u00d3 CAMIONES FUMIGADORES A CUATRO MUNICIPIOS"},"content":{"rendered":"\n<p>En primer t\u00e9rmino, recibi\u00f3 el veh\u00edculo la intendenta de la Capital, Ing. Norma Fuentes y luego siguieron: Pablo Mirolo de La Banda, Dr. Anibal Padula de Fr\u00edas y Dr. Jorge Mukdise de Termas de R\u00edo Hondo.<\/p>\n\n\n\n<p>Los camiones est\u00e1n especialmente equipados. Son: aeronebulizador Autom\u00e1tico Eco-Amb. Equipo especial para desinfecci\u00f3n y\/o fumigaci\u00f3n sistem\u00e1tica, completa e integral de espacios abiertos. Es, ideal para espacios p\u00fablicos.<\/p>\n\n\n\n<figure class=\"wp-block-image size-large\"><a href=\"https:\/\/i0.wp.com\/elterritorialweb.com.ar\/web\/wp-content\/uploads\/2020\/12\/camiones-1.jpg\"><img data-recalc-dims=\"1\" decoding=\"async\" width=\"640\" height=\"427\" data-src=\"https:\/\/i0.wp.com\/elterritorialweb.com.ar\/web\/wp-content\/uploads\/2020\/12\/camiones-1.jpg?resize=640%2C427\" alt=\"\" class=\"wp-image-15276 lazyload\" data-srcset=\"https:\/\/i0.wp.com\/elterritorialweb.com.ar\/web\/wp-content\/uploads\/2020\/12\/camiones-1.jpg?w=1000&amp;ssl=1 1000w, https:\/\/i0.wp.com\/elterritorialweb.com.ar\/web\/wp-content\/uploads\/2020\/12\/camiones-1.jpg?resize=300%2C200&amp;ssl=1 300w, https:\/\/i0.wp.com\/elterritorialweb.com.ar\/web\/wp-content\/uploads\/2020\/12\/camiones-1.jpg?resize=768%2C512&amp;ssl=1 768w, https:\/\/i0.wp.com\/elterritorialweb.com.ar\/web\/wp-content\/uploads\/2020\/12\/camiones-1.jpg?resize=675%2C450&amp;ssl=1 675w\" data-sizes=\"(max-width: 640px) 100vw, 640px\" src=\"data:image\/svg+xml;base64,PHN2ZyB3aWR0aD0iMSIgaGVpZ2h0PSIxIiB4bWxucz0iaHR0cDovL3d3dy53My5vcmcvMjAwMC9zdmciPjwvc3ZnPg==\" style=\"--smush-placeholder-width: 640px; --smush-placeholder-aspect-ratio: 640\/427;\" \/><\/a><\/figure>\n\n\n\n<p>Tras recibir el veh\u00edculo, el intendente de la ciudad de La Banda, Pablo Mirolo manifest\u00f3 \u201cEstoy muy agradecido con el gobierno provincial, por hacerse eco de una problem\u00e1tica muy importante en nuestra provincia. Desde el municipio de la ciudad de La Banda, venimos trabajando siempre en una campa\u00f1a que denominamos el patio limpio\u201d<\/p>\n\n\n\n<p>Asimismo agrego \u201ceste nuevo cami\u00f3n de importante caracter\u00edsticas, un equipo de termo fumigaci\u00f3n que adem\u00e1s de la lucha contra el dengue tambi\u00e9n tiene la particularidad de que se lo utilizara para la sanitizaci\u00f3n contra el Covid- 19. Es un gran aporte a nuestra ciudad\u201d, dijo Mirolo.<\/p>\n\n\n\n<figure class=\"wp-block-image size-large\"><a href=\"https:\/\/i0.wp.com\/elterritorialweb.com.ar\/web\/wp-content\/uploads\/2020\/12\/camiones-2.jpg\"><img data-recalc-dims=\"1\" decoding=\"async\" width=\"640\" height=\"438\" data-src=\"https:\/\/i0.wp.com\/elterritorialweb.com.ar\/web\/wp-content\/uploads\/2020\/12\/camiones-2.jpg?resize=640%2C438\" alt=\"\" class=\"wp-image-15277 lazyload\" data-srcset=\"https:\/\/i0.wp.com\/elterritorialweb.com.ar\/web\/wp-content\/uploads\/2020\/12\/camiones-2.jpg?w=975&amp;ssl=1 975w, https:\/\/i0.wp.com\/elterritorialweb.com.ar\/web\/wp-content\/uploads\/2020\/12\/camiones-2.jpg?resize=300%2C205&amp;ssl=1 300w, https:\/\/i0.wp.com\/elterritorialweb.com.ar\/web\/wp-content\/uploads\/2020\/12\/camiones-2.jpg?resize=768%2C525&amp;ssl=1 768w\" data-sizes=\"(max-width: 640px) 100vw, 640px\" src=\"data:image\/svg+xml;base64,PHN2ZyB3aWR0aD0iMSIgaGVpZ2h0PSIxIiB4bWxucz0iaHR0cDovL3d3dy53My5vcmcvMjAwMC9zdmciPjwvc3ZnPg==\" style=\"--smush-placeholder-width: 640px; --smush-placeholder-aspect-ratio: 640\/438;\" \/><\/a><\/figure>\n","protected":false},"excerpt":{"rendered":"<p>El gobernador de la Provincia, Dr. Gerardo Zamora, acompa\u00f1ado del jefe de gabinete de ministros El\u00edas Suarez y la ministra de Salud de la provincia, Lic. Natividad Nassif, realiz\u00f3 la entrega de camiones fumigadores para prevenir el dengue en toda la provincia, destinados a las municipalidades de la Capital, La Banda, Termas de R\u00edo Hondo y Fr\u00edas.<\/p>\n","protected":false},"author":2,"featured_media":15275,"comment_status":"open","ping_status":"open","sticky":false,"template":"","format":"standard","meta":{"om_disable_all_campaigns":false,"_monsterinsights_skip_tracking":false,"_monsterinsights_sitenote_active":false,"_monsterinsights_sitenote_note":"","_monsterinsights_sitenote_category":0,"_uf_show_specific_survey":0,"_uf_disable_surveys":false,"jetpack_post_was_ever_published":false,"_jetpack_newsletter_access":"","_jetpack_dont_email_post_to_subs":false,"_jetpack_newsletter_tier_id":0,"_jetpack_memberships_contains_paywalled_content":false,"_jetpack_memberships_contains_paid_content":false,"footnotes":"","jetpack_publicize_message":"","jetpack_publicize_feature_enabled":true,"jetpack_social_post_already_shared":false,"jetpack_social_options":{"image_generator_settings":{"template":"highway","default_image_id":0,"font":"","enabled":false},"version":2}},"categories":[21],"tags":[],"class_list":["post-15274","post","type-post","status-publish","format-standard","has-post-thumbnail","hentry","category-locales"],"aioseo_notices":[],"views":14,"jetpack_publicize_connections":[],"jetpack_featured_media_url":"https:\/\/i0.wp.com\/elterritorialweb.com.ar\/web\/wp-content\/uploads\/2020\/12\/camiones.jpg?fit=1000%2C667&ssl=1","jetpack_sharing_enabled":true,"_links":{"self":[{"href":"https:\/\/elterritorialweb.com.ar\/web\/wp-json\/wp\/v2\/posts\/15274","targetHints":{"allow":["GET"]}}],"collection":[{"href":"https:\/\/elterritorialweb.com.ar\/web\/wp-json\/wp\/v2\/posts"}],"about":[{"href":"https:\/\/elterritorialweb.com.ar\/web\/wp-json\/wp\/v2\/types\/post"}],"author":[{"embeddable":true,"href":"https:\/\/elterritorialweb.com.ar\/web\/wp-json\/wp\/v2\/users\/2"}],"replies":[{"embeddable":true,"href":"https:\/\/elterritorialweb.com.ar\/web\/wp-json\/wp\/v2\/comments?post=15274"}],"version-history":[{"count":1,"href":"https:\/\/elterritorialweb.com.ar\/web\/wp-json\/wp\/v2\/posts\/15274\/revisions"}],"predecessor-version":[{"id":15278,"href":"https:\/\/elterritorialweb.com.ar\/web\/wp-json\/wp\/v2\/posts\/15274\/revisions\/15278"}],"wp:featuredmedia":[{"embeddable":true,"href":"https:\/\/elterritorialweb.com.ar\/web\/wp-json\/wp\/v2\/media\/15275"}],"wp:attachment":[{"href":"https:\/\/elterritorialweb.com.ar\/web\/wp-json\/wp\/v2\/media?parent=15274"}],"wp:term":[{"taxonomy":"category","embeddable":true,"href":"https:\/\/elterritorialweb.com.ar\/web\/wp-json\/wp\/v2\/categories?post=15274"},{"taxonomy":"post_tag","embeddable":true,"href":"https:\/\/elterritorialweb.com.ar\/web\/wp-json\/wp\/v2\/tags?post=15274"}],"curies":[{"name":"wp","href":"https:\/\/api.w.org\/{rel}","templated":true}]}}