{"id":15292,"date":"2020-12-29T23:34:26","date_gmt":"2020-12-29T23:34:26","guid":{"rendered":"http:\/\/elterritorialweb.com.ar\/web\/?p=15292"},"modified":"2020-12-29T23:34:27","modified_gmt":"2020-12-29T23:34:27","slug":"el-programa-provincial-mis-primeros-1700-dias-arribo-a-pinto","status":"publish","type":"post","link":"https:\/\/elterritorialweb.com.ar\/web\/el-programa-provincial-mis-primeros-1700-dias-arribo-a-pinto\/","title":{"rendered":"EL PROGRAMA PROVINCIAL \u00abMIS PRIMEROS 1700 D\u00cdAS\u00bb ARRIB\u00d3 A PINTO"},"content":{"rendered":"\n<p>Es de remarcar que, en dicho lugar, se cumplieron con todos los protocolos sanitarios con el fin de prevenir la pandemia del Covid- 19.\u00a0<\/p>\n\n\n\n<p>Estuvieron presentes, el responsable del programa, Dr. Benjam\u00edn Coria, Intendente de Pinto, Jorge Leguizam\u00f3n, acompa\u00f1ados&nbsp;por el personal: licenciadas en Nutrici\u00f3n, Mercedes Terrera y Liliana Ibarra, que fueron capacitando a las mujeres sobre la utilizaci\u00f3n adecuada de cada uno de los productos para mejorar la forma de alimentaci\u00f3n de los ni\u00f1os.&nbsp;<\/p>\n\n\n\n<p>Este programa&nbsp;busca proteger la salud de mujeres, ni\u00f1os y ni\u00f1as garantizando que todos tengan las mismas oportunidades de acceder a un desarrollo integral en sus condiciones f\u00edsicas, cognitivas, sociales y culturales. Para ello se refuerza su nutrici\u00f3n, el acompa\u00f1amiento por parte del equipo de salud y los controles de salud necesarios desde el comienzo de su vida. &nbsp;&nbsp;<\/p>\n\n\n\n<figure class=\"wp-block-image size-large\"><a href=\"https:\/\/i0.wp.com\/elterritorialweb.com.ar\/web\/wp-content\/uploads\/2020\/12\/programa-1.jpg\"><img data-recalc-dims=\"1\" decoding=\"async\" width=\"640\" height=\"427\" data-src=\"https:\/\/i0.wp.com\/elterritorialweb.com.ar\/web\/wp-content\/uploads\/2020\/12\/programa-1.jpg?resize=640%2C427\" alt=\"\" class=\"wp-image-15294 lazyload\" data-srcset=\"https:\/\/i0.wp.com\/elterritorialweb.com.ar\/web\/wp-content\/uploads\/2020\/12\/programa-1.jpg?resize=1024%2C683&amp;ssl=1 1024w, https:\/\/i0.wp.com\/elterritorialweb.com.ar\/web\/wp-content\/uploads\/2020\/12\/programa-1.jpg?resize=300%2C200&amp;ssl=1 300w, https:\/\/i0.wp.com\/elterritorialweb.com.ar\/web\/wp-content\/uploads\/2020\/12\/programa-1.jpg?resize=768%2C512&amp;ssl=1 768w, https:\/\/i0.wp.com\/elterritorialweb.com.ar\/web\/wp-content\/uploads\/2020\/12\/programa-1.jpg?resize=1536%2C1025&amp;ssl=1 1536w, https:\/\/i0.wp.com\/elterritorialweb.com.ar\/web\/wp-content\/uploads\/2020\/12\/programa-1.jpg?resize=2048%2C1367&amp;ssl=1 2048w, https:\/\/i0.wp.com\/elterritorialweb.com.ar\/web\/wp-content\/uploads\/2020\/12\/programa-1.jpg?resize=675%2C450&amp;ssl=1 675w, https:\/\/i0.wp.com\/elterritorialweb.com.ar\/web\/wp-content\/uploads\/2020\/12\/programa-1.jpg?w=1280 1280w, https:\/\/i0.wp.com\/elterritorialweb.com.ar\/web\/wp-content\/uploads\/2020\/12\/programa-1.jpg?w=1920 1920w\" data-sizes=\"(max-width: 640px) 100vw, 640px\" src=\"data:image\/svg+xml;base64,PHN2ZyB3aWR0aD0iMSIgaGVpZ2h0PSIxIiB4bWxucz0iaHR0cDovL3d3dy53My5vcmcvMjAwMC9zdmciPjwvc3ZnPg==\" style=\"--smush-placeholder-width: 640px; --smush-placeholder-aspect-ratio: 640\/427;\" \/><\/a><\/figure>\n\n\n\n<p>Las palabras de bienvenida estuvieron a cargo del&nbsp;Intendente de Pinto, Jorge Leguizam\u00f3n, quien agradeci\u00f3 al Gobierno de la provincia y destac\u00f3 que \u201chemos hecho relevamiento en todas las zonas, como Pinto, Malbran, y C\u00e1sares. Esto es netamente para las madres, ni\u00f1os\u00bb.<\/p>\n\n\n\n<p>El referente del programa, Dr. Benjam\u00edn Coria, transmiti\u00f3 el saludo c\u00e1lido y afectuoso del Gobernador de la provincia, Dr. Gerardo Zamora y envi\u00f3 cari\u00f1os de la Presidenta Provisional del Senado de la Naci\u00f3n, Dra. Claudia de Zamora y agreg\u00f3: \u00abEstoy muy contento de venir. Es una alegr\u00eda, ya que estamos atravesando momentos con varias dificultades por la pandemia del Covid-19 y sin embargo, estos productos est\u00e1n llegando a 18.600 familias de la provincia de Santiago del Estero, en todo el territorio\u201d y finalizo diciendo \u201cen este todos somos familia, todos somos equipo que tenemos que estar al servicio de ustedes\u201d, concluy\u00f3.<\/p>\n","protected":false},"excerpt":{"rendered":"<p>El programa provincial \u201cMis primeros 1700 d\u00edas\u201d que el Gobierno de la provincia viene implementando en todo el territorio santiague\u00f1o; en la oportunidad, se present\u00f3 en el Centro Cultural de la ciudad de Pinto, departamento Aguirre. <\/p>\n","protected":false},"author":2,"featured_media":15293,"comment_status":"open","ping_status":"open","sticky":false,"template":"","format":"standard","meta":{"om_disable_all_campaigns":false,"_monsterinsights_skip_tracking":false,"_monsterinsights_sitenote_active":false,"_monsterinsights_sitenote_note":"","_monsterinsights_sitenote_category":0,"_uf_show_specific_survey":0,"_uf_disable_surveys":false,"jetpack_post_was_ever_published":false,"_jetpack_newsletter_access":"","_jetpack_dont_email_post_to_subs":false,"_jetpack_newsletter_tier_id":0,"_jetpack_memberships_contains_paywalled_content":false,"_jetpack_memberships_contains_paid_content":false,"footnotes":"","jetpack_publicize_message":"","jetpack_publicize_feature_enabled":true,"jetpack_social_post_already_shared":false,"jetpack_social_options":{"image_generator_settings":{"template":"highway","default_image_id":0,"font":"","enabled":false},"version":2}},"categories":[3],"tags":[],"class_list":["post-15292","post","type-post","status-publish","format-standard","has-post-thumbnail","hentry","category-salud"],"aioseo_notices":[],"views":9,"jetpack_publicize_connections":[],"jetpack_featured_media_url":"https:\/\/i0.wp.com\/elterritorialweb.com.ar\/web\/wp-content\/uploads\/2020\/12\/programa-.jpg?fit=2248%2C1500&ssl=1","jetpack_sharing_enabled":true,"_links":{"self":[{"href":"https:\/\/elterritorialweb.com.ar\/web\/wp-json\/wp\/v2\/posts\/15292","targetHints":{"allow":["GET"]}}],"collection":[{"href":"https:\/\/elterritorialweb.com.ar\/web\/wp-json\/wp\/v2\/posts"}],"about":[{"href":"https:\/\/elterritorialweb.com.ar\/web\/wp-json\/wp\/v2\/types\/post"}],"author":[{"embeddable":true,"href":"https:\/\/elterritorialweb.com.ar\/web\/wp-json\/wp\/v2\/users\/2"}],"replies":[{"embeddable":true,"href":"https:\/\/elterritorialweb.com.ar\/web\/wp-json\/wp\/v2\/comments?post=15292"}],"version-history":[{"count":1,"href":"https:\/\/elterritorialweb.com.ar\/web\/wp-json\/wp\/v2\/posts\/15292\/revisions"}],"predecessor-version":[{"id":15295,"href":"https:\/\/elterritorialweb.com.ar\/web\/wp-json\/wp\/v2\/posts\/15292\/revisions\/15295"}],"wp:featuredmedia":[{"embeddable":true,"href":"https:\/\/elterritorialweb.com.ar\/web\/wp-json\/wp\/v2\/media\/15293"}],"wp:attachment":[{"href":"https:\/\/elterritorialweb.com.ar\/web\/wp-json\/wp\/v2\/media?parent=15292"}],"wp:term":[{"taxonomy":"category","embeddable":true,"href":"https:\/\/elterritorialweb.com.ar\/web\/wp-json\/wp\/v2\/categories?post=15292"},{"taxonomy":"post_tag","embeddable":true,"href":"https:\/\/elterritorialweb.com.ar\/web\/wp-json\/wp\/v2\/tags?post=15292"}],"curies":[{"name":"wp","href":"https:\/\/api.w.org\/{rel}","templated":true}]}}