{"id":1864,"date":"2020-03-09T12:32:16","date_gmt":"2020-03-09T12:32:16","guid":{"rendered":"http:\/\/elterritorialweb.com.ar\/web\/?p=1864"},"modified":"2020-03-09T12:32:17","modified_gmt":"2020-03-09T12:32:17","slug":"bandera-reunion-de-coordinacion-de-trabajos-para-prevenir-dengue","status":"publish","type":"post","link":"https:\/\/elterritorialweb.com.ar\/web\/bandera-reunion-de-coordinacion-de-trabajos-para-prevenir-dengue\/","title":{"rendered":"BANDERA: REUNI\u00d3N DE COORDINACI\u00d3N DE TRABAJOS PARA PREVENIR DENGUE"},"content":{"rendered":"\n<p>Se llev\u00f3 a cabo en el CIC Bandera una reuni\u00f3n de coordinaci\u00f3n de trabajos que se comenzar\u00e1n a llevar adelante como tareas para prevenir el Dengue. La misma cont\u00f3 con la participaci\u00f3n de personal del Hospital, CIC Bandera, Polic\u00eda y desde el municipio las direcciones de Bromatologia y Obras P\u00fablicas.<\/p>\n\n\n\n<p><br>Los agentes sanitarios visitaran los barrios y a partir de ma\u00f1ana se comenzar\u00e1 con las tareas de descacharreo y fumigaci\u00f3n.<br>Se inform\u00f3 adem\u00e1s que el cronograma se dar\u00e1 a conocer a los vecinos a la brevedad. <\/p>\n","protected":false},"excerpt":{"rendered":"<p>Se llev\u00f3 a cabo en el CIC Bandera una reuni\u00f3n de coordinaci\u00f3n de trabajos que&#8230;<\/p>\n","protected":false},"author":2,"featured_media":1865,"comment_status":"open","ping_status":"open","sticky":false,"template":"","format":"standard","meta":{"om_disable_all_campaigns":false,"_monsterinsights_skip_tracking":false,"_monsterinsights_sitenote_active":false,"_monsterinsights_sitenote_note":"","_monsterinsights_sitenote_category":0,"_uf_show_specific_survey":0,"_uf_disable_surveys":false,"jetpack_post_was_ever_published":false,"_jetpack_newsletter_access":"","_jetpack_dont_email_post_to_subs":false,"_jetpack_newsletter_tier_id":0,"_jetpack_memberships_contains_paywalled_content":false,"_jetpack_memberships_contains_paid_content":false,"footnotes":"","jetpack_publicize_message":"","jetpack_publicize_feature_enabled":true,"jetpack_social_post_already_shared":false,"jetpack_social_options":{"image_generator_settings":{"template":"highway","default_image_id":0,"font":"","enabled":false},"version":2}},"categories":[21],"tags":[],"class_list":["post-1864","post","type-post","status-publish","format-standard","has-post-thumbnail","hentry","category-locales"],"aioseo_notices":[],"views":5,"jetpack_publicize_connections":[],"jetpack_featured_media_url":"https:\/\/i0.wp.com\/elterritorialweb.com.ar\/web\/wp-content\/uploads\/2020\/03\/REUNION-1.jpg?fit=960%2C720&ssl=1","jetpack_sharing_enabled":true,"_links":{"self":[{"href":"https:\/\/elterritorialweb.com.ar\/web\/wp-json\/wp\/v2\/posts\/1864","targetHints":{"allow":["GET"]}}],"collection":[{"href":"https:\/\/elterritorialweb.com.ar\/web\/wp-json\/wp\/v2\/posts"}],"about":[{"href":"https:\/\/elterritorialweb.com.ar\/web\/wp-json\/wp\/v2\/types\/post"}],"author":[{"embeddable":true,"href":"https:\/\/elterritorialweb.com.ar\/web\/wp-json\/wp\/v2\/users\/2"}],"replies":[{"embeddable":true,"href":"https:\/\/elterritorialweb.com.ar\/web\/wp-json\/wp\/v2\/comments?post=1864"}],"version-history":[{"count":1,"href":"https:\/\/elterritorialweb.com.ar\/web\/wp-json\/wp\/v2\/posts\/1864\/revisions"}],"predecessor-version":[{"id":1866,"href":"https:\/\/elterritorialweb.com.ar\/web\/wp-json\/wp\/v2\/posts\/1864\/revisions\/1866"}],"wp:featuredmedia":[{"embeddable":true,"href":"https:\/\/elterritorialweb.com.ar\/web\/wp-json\/wp\/v2\/media\/1865"}],"wp:attachment":[{"href":"https:\/\/elterritorialweb.com.ar\/web\/wp-json\/wp\/v2\/media?parent=1864"}],"wp:term":[{"taxonomy":"category","embeddable":true,"href":"https:\/\/elterritorialweb.com.ar\/web\/wp-json\/wp\/v2\/categories?post=1864"},{"taxonomy":"post_tag","embeddable":true,"href":"https:\/\/elterritorialweb.com.ar\/web\/wp-json\/wp\/v2\/tags?post=1864"}],"curies":[{"name":"wp","href":"https:\/\/api.w.org\/{rel}","templated":true}]}}