{"id":1867,"date":"2020-03-09T12:54:42","date_gmt":"2020-03-09T12:54:42","guid":{"rendered":"http:\/\/elterritorialweb.com.ar\/web\/?p=1867"},"modified":"2020-03-09T12:54:43","modified_gmt":"2020-03-09T12:54:43","slug":"convocan-a-estudiantes-de-educacion-para-la-salud-a-una-reunion-informativa","status":"publish","type":"post","link":"https:\/\/elterritorialweb.com.ar\/web\/convocan-a-estudiantes-de-educacion-para-la-salud-a-una-reunion-informativa\/","title":{"rendered":"CONVOCAN A ESTUDIANTES DE EDUCACI\u00d3N PARA LA SALUD A UNA REUNI\u00d3N INFORMATIVA"},"content":{"rendered":"\n<p>Alumnos de la carrera de Educaci\u00f3n para la Salud de la Facultad de Humanidades, Ciencias Sociales y de la Salud fueron convocados a una reuni\u00f3n informativa sobre el nuevo Plan de Estudios, a desarrollarse este mi\u00e9rcoles 11, a las 12, en el Sal\u00f3n de Usos M\u00faltiples, ubicado en la sede de Av. Belgrano (S) 2180, frente al Hospital Regional.<\/p>\n\n\n\n<p>La convocatoria fue realizada desde la coordinaci\u00f3n de la carrera a cargo de Anal\u00eda Russo y&nbsp;Gisela Garc\u00eda Chamut y est\u00e1 destinada a todos estudiantes de Educaci\u00f3n para la Salud.<\/p>\n\n\n\n<p>Durante el encuentro se abordar\u00e1 la implementaci\u00f3n de los nuevos planes de Estudio de la Licenciatura en Educaci\u00f3n para la Salud y de Tecnicatura Universitaria en Educaci\u00f3n para la Salud, con la finalidad de analizar la adhesi\u00f3n voluntaria o no a los mismos.<\/p>\n\n\n\n<p>Adem\u00e1s se dar\u00e1n a conocer los planes de transici\u00f3n, sistema de equivalencias y correlatividades, entre otros temas a tratar.<\/p>\n","protected":false},"excerpt":{"rendered":"<p>Alumnos de la carrera de Educaci\u00f3n para la Salud de la Facultad de Humanidades, Ciencias&#8230;<\/p>\n","protected":false},"author":2,"featured_media":1868,"comment_status":"open","ping_status":"open","sticky":false,"template":"","format":"standard","meta":{"om_disable_all_campaigns":false,"_monsterinsights_skip_tracking":false,"_monsterinsights_sitenote_active":false,"_monsterinsights_sitenote_note":"","_monsterinsights_sitenote_category":0,"_uf_show_specific_survey":0,"_uf_disable_surveys":false,"jetpack_post_was_ever_published":false,"_jetpack_newsletter_access":"","_jetpack_dont_email_post_to_subs":false,"_jetpack_newsletter_tier_id":0,"_jetpack_memberships_contains_paywalled_content":false,"_jetpack_memberships_contains_paid_content":false,"footnotes":"","jetpack_publicize_message":"","jetpack_publicize_feature_enabled":true,"jetpack_social_post_already_shared":false,"jetpack_social_options":{"image_generator_settings":{"template":"highway","default_image_id":0,"font":"","enabled":false},"version":2}},"categories":[19],"tags":[],"class_list":["post-1867","post","type-post","status-publish","format-standard","has-post-thumbnail","hentry","category-educacion"],"aioseo_notices":[],"views":5,"jetpack_publicize_connections":[],"jetpack_featured_media_url":"https:\/\/i0.wp.com\/elterritorialweb.com.ar\/web\/wp-content\/uploads\/2020\/03\/HumanidadesEducacion.jpg?fit=540%2C282&ssl=1","jetpack_sharing_enabled":true,"_links":{"self":[{"href":"https:\/\/elterritorialweb.com.ar\/web\/wp-json\/wp\/v2\/posts\/1867","targetHints":{"allow":["GET"]}}],"collection":[{"href":"https:\/\/elterritorialweb.com.ar\/web\/wp-json\/wp\/v2\/posts"}],"about":[{"href":"https:\/\/elterritorialweb.com.ar\/web\/wp-json\/wp\/v2\/types\/post"}],"author":[{"embeddable":true,"href":"https:\/\/elterritorialweb.com.ar\/web\/wp-json\/wp\/v2\/users\/2"}],"replies":[{"embeddable":true,"href":"https:\/\/elterritorialweb.com.ar\/web\/wp-json\/wp\/v2\/comments?post=1867"}],"version-history":[{"count":1,"href":"https:\/\/elterritorialweb.com.ar\/web\/wp-json\/wp\/v2\/posts\/1867\/revisions"}],"predecessor-version":[{"id":1869,"href":"https:\/\/elterritorialweb.com.ar\/web\/wp-json\/wp\/v2\/posts\/1867\/revisions\/1869"}],"wp:featuredmedia":[{"embeddable":true,"href":"https:\/\/elterritorialweb.com.ar\/web\/wp-json\/wp\/v2\/media\/1868"}],"wp:attachment":[{"href":"https:\/\/elterritorialweb.com.ar\/web\/wp-json\/wp\/v2\/media?parent=1867"}],"wp:term":[{"taxonomy":"category","embeddable":true,"href":"https:\/\/elterritorialweb.com.ar\/web\/wp-json\/wp\/v2\/categories?post=1867"},{"taxonomy":"post_tag","embeddable":true,"href":"https:\/\/elterritorialweb.com.ar\/web\/wp-json\/wp\/v2\/tags?post=1867"}],"curies":[{"name":"wp","href":"https:\/\/api.w.org\/{rel}","templated":true}]}}