{"id":18792,"date":"2021-03-21T16:05:13","date_gmt":"2021-03-21T16:05:13","guid":{"rendered":"http:\/\/elterritorialweb.com.ar\/web\/?p=18792"},"modified":"2021-03-21T16:05:14","modified_gmt":"2021-03-21T16:05:14","slug":"mirolo-realizo-la-firma-del-primer-decreto-con-el-nuevo-sistema-de-gestion-digital","status":"publish","type":"post","link":"https:\/\/elterritorialweb.com.ar\/web\/mirolo-realizo-la-firma-del-primer-decreto-con-el-nuevo-sistema-de-gestion-digital\/","title":{"rendered":"MIROLO REALIZ\u00d3 LA FIRMA DEL PRIMER DECRETO CON EL NUEVO SISTEMA DE GESTI\u00d3N DIGITAL"},"content":{"rendered":"\n<p>En este sentido, se destaca que la Municipalidad de La Banda firm\u00f3 un convenio con la Jefatura de Gabinete de la Naci\u00f3n, a trav\u00e9s de la Secretar\u00eda de Innovaci\u00f3n P\u00fablica, para ser incorporada a este innovador sistema con el que se reemplazar\u00e1n los expedientes en papel por documentos electr\u00f3nicos.<\/p>\n\n\n\n<p>De esta manera el municipio crear\u00e1 una base de datos digital con la que se garantizar\u00e1 la inalterabilidad y seguridad de los expedientes que se gestionan dentro del circuito administrativo municipal.<\/p>\n\n\n\n<p>Al respecto, el jefe comunal, manifest\u00f3: \u201cDespu\u00e9s de un gran trabajo que ha realizado un equipo del municipio con la Jefatura de Gabinete de la Naci\u00f3n se puso en funcionamiento el sistema de Gesti\u00f3n Documental Digital para agilizar el tr\u00e1mite administrativo. Hoy es un d\u00eda hist\u00f3rico porque estamos firmando el primer decreto de manera digital y es un avance muy importante que hemos podido realizar en materia de modernizaci\u00f3n y optimizaci\u00f3n de recursos municipales\u201d.<\/p>\n","protected":false},"excerpt":{"rendered":"<p>El intendente Pablo Mirolo realiz\u00f3 la firma del primer decreto de manera digital como parte de la incorporaci\u00f3n del municipio bande\u00f1o a la Plataforma Integral de Gesti\u00f3n Documental Digital.<\/p>\n","protected":false},"author":2,"featured_media":18793,"comment_status":"open","ping_status":"open","sticky":false,"template":"","format":"standard","meta":{"om_disable_all_campaigns":false,"_monsterinsights_skip_tracking":false,"_monsterinsights_sitenote_active":false,"_monsterinsights_sitenote_note":"","_monsterinsights_sitenote_category":0,"_uf_show_specific_survey":0,"_uf_disable_surveys":false,"jetpack_post_was_ever_published":false,"_jetpack_newsletter_access":"","_jetpack_dont_email_post_to_subs":false,"_jetpack_newsletter_tier_id":0,"_jetpack_memberships_contains_paywalled_content":false,"_jetpack_memberships_contains_paid_content":false,"footnotes":"","jetpack_publicize_message":"","jetpack_publicize_feature_enabled":true,"jetpack_social_post_already_shared":false,"jetpack_social_options":{"image_generator_settings":{"template":"highway","default_image_id":0,"font":"","enabled":false},"version":2}},"categories":[21],"tags":[],"class_list":["post-18792","post","type-post","status-publish","format-standard","has-post-thumbnail","hentry","category-locales"],"aioseo_notices":[],"views":20,"jetpack_publicize_connections":[],"jetpack_featured_media_url":"https:\/\/i0.wp.com\/elterritorialweb.com.ar\/web\/wp-content\/uploads\/2021\/03\/MIROLO-FIRMA-DE-DECRETO.jpg?fit=1024%2C768&ssl=1","jetpack_sharing_enabled":true,"_links":{"self":[{"href":"https:\/\/elterritorialweb.com.ar\/web\/wp-json\/wp\/v2\/posts\/18792","targetHints":{"allow":["GET"]}}],"collection":[{"href":"https:\/\/elterritorialweb.com.ar\/web\/wp-json\/wp\/v2\/posts"}],"about":[{"href":"https:\/\/elterritorialweb.com.ar\/web\/wp-json\/wp\/v2\/types\/post"}],"author":[{"embeddable":true,"href":"https:\/\/elterritorialweb.com.ar\/web\/wp-json\/wp\/v2\/users\/2"}],"replies":[{"embeddable":true,"href":"https:\/\/elterritorialweb.com.ar\/web\/wp-json\/wp\/v2\/comments?post=18792"}],"version-history":[{"count":1,"href":"https:\/\/elterritorialweb.com.ar\/web\/wp-json\/wp\/v2\/posts\/18792\/revisions"}],"predecessor-version":[{"id":18794,"href":"https:\/\/elterritorialweb.com.ar\/web\/wp-json\/wp\/v2\/posts\/18792\/revisions\/18794"}],"wp:featuredmedia":[{"embeddable":true,"href":"https:\/\/elterritorialweb.com.ar\/web\/wp-json\/wp\/v2\/media\/18793"}],"wp:attachment":[{"href":"https:\/\/elterritorialweb.com.ar\/web\/wp-json\/wp\/v2\/media?parent=18792"}],"wp:term":[{"taxonomy":"category","embeddable":true,"href":"https:\/\/elterritorialweb.com.ar\/web\/wp-json\/wp\/v2\/categories?post=18792"},{"taxonomy":"post_tag","embeddable":true,"href":"https:\/\/elterritorialweb.com.ar\/web\/wp-json\/wp\/v2\/tags?post=18792"}],"curies":[{"name":"wp","href":"https:\/\/api.w.org\/{rel}","templated":true}]}}