{"id":1880,"date":"2020-03-09T14:39:25","date_gmt":"2020-03-09T14:39:25","guid":{"rendered":"http:\/\/elterritorialweb.com.ar\/web\/?p=1880"},"modified":"2020-03-13T06:17:15","modified_gmt":"2020-03-13T06:17:15","slug":"joven-musico-catamarqueno-visita-santiago-para-promocionar-su-proyecto-musical","status":"publish","type":"post","link":"https:\/\/elterritorialweb.com.ar\/web\/joven-musico-catamarqueno-visita-santiago-para-promocionar-su-proyecto-musical\/","title":{"rendered":"JOVEN M\u00daSICO CATAMARQUE\u00d1O VISITA SANTIAGO PARA PROMOCIONAR SU PROYECTO MUSICAL"},"content":{"rendered":"\n<p>Fernando \u00c1vila es un joven m\u00fasico oriundo de Recreo, provincia de Catamarca quien se encuentra en nuestra provincia para difundir su proyecto musical y promocionar su primera canci\u00f3n <strong>\u201cNo Pierdas los Motivos\u201d<\/strong>, en dialogo con <strong>El Territorial Web<\/strong> cont\u00f3 sobre el trabajo que desde hace dos a\u00f1os est\u00e1 realizando de manera profesional.<\/p>\n\n\n\n<figure class=\"wp-block-embed-youtube wp-block-embed is-type-video is-provider-youtube wp-embed-aspect-16-9 wp-has-aspect-ratio\"><div class=\"wp-block-embed__wrapper\">\n<iframe title=\"No pierdas los motivos - Fernando Avila\" width=\"640\" height=\"360\" data-src=\"https:\/\/www.youtube.com\/embed\/Se2nCF0bp_Y?feature=oembed\" frameborder=\"0\" allow=\"accelerometer; autoplay; clipboard-write; encrypted-media; gyroscope; picture-in-picture; web-share\" referrerpolicy=\"strict-origin-when-cross-origin\" allowfullscreen src=\"data:image\/svg+xml;base64,PHN2ZyB3aWR0aD0iMSIgaGVpZ2h0PSIxIiB4bWxucz0iaHR0cDovL3d3dy53My5vcmcvMjAwMC9zdmciPjwvc3ZnPg==\" class=\"lazyload\" data-load-mode=\"1\"><\/iframe>\n<\/div><\/figure>\n\n\n\n<p>Coment\u00f3 que este es el primer tema de un disco que tendr\u00e1 diez canciones y de las cuales ya est\u00e1n grabadas cinco, por lo que, en los pr\u00f3ximos meses, volver\u00e1 a la provincia de C\u00f3rdoba, donde se encuentra el estudio de grabaci\u00f3n en el que trabaja, para finalizar lo que ser\u00e1 su primer material discogr\u00e1fico completo. <\/p>\n\n\n\n<p>Fernando expresa todo el tiempo su pasi\u00f3n por la\nm\u00fasica y recuerda con admiraci\u00f3n a los cantantes, autores y compositores que\nhan marcado su infancia y algunos de los cuales son sus referentes en la\nactualidad. <\/p>\n\n\n\n<p>Menciona, por ejemplo, a los Santiague\u00f1os y Peteco\nCarabajal, Horacio Banegas, Vislumbre del Esteko entre tantos otros grandes\nm\u00fasicos de nuestra provincia. <\/p>\n\n\n\n<p>Ya, a nivel nacional, escucha a El chango Spasiuk, el D\u00fao Salte\u00f1o, Astor Piazzolla, el Polaco Goyeneche, Los Tekis, Abel Pintos, Alejandro Lerner y muchos artistas m\u00e1s. En lo referente a m\u00fasica latina, se muestra admirador de Alejandro Sanz, Jesse Joy y otros grandes interpretes y compositores que tiene la m\u00fasica rom\u00e1ntica latina, especialmente.<\/p>\n\n\n\n<p>Pero reconoce que no se encasilla en ning\u00fan g\u00e9nero, sino que, por el contrario, busca todo el tiempo ampliar el espectro de estilos como el pop, rock, rom\u00e1ntico, que enriquezcan su propio estilo musical, que tiene la combinaci\u00f3n de estos \u00faltimos. <\/p>\n\n\n\n<figure class=\"wp-block-image size-large\"><img data-recalc-dims=\"1\" decoding=\"async\" width=\"640\" height=\"853\" data-src=\"https:\/\/i0.wp.com\/elterritorialweb.com.ar\/web\/wp-content\/uploads\/2020\/03\/DSCF8044-2.jpg?resize=640%2C853\" alt=\"\" class=\"wp-image-1884 lazyload\" data-srcset=\"https:\/\/i0.wp.com\/elterritorialweb.com.ar\/web\/wp-content\/uploads\/2020\/03\/DSCF8044-2.jpg?resize=768%2C1024&amp;ssl=1 768w, https:\/\/i0.wp.com\/elterritorialweb.com.ar\/web\/wp-content\/uploads\/2020\/03\/DSCF8044-2.jpg?resize=225%2C300&amp;ssl=1 225w, https:\/\/i0.wp.com\/elterritorialweb.com.ar\/web\/wp-content\/uploads\/2020\/03\/DSCF8044-2.jpg?resize=1152%2C1536&amp;ssl=1 1152w, https:\/\/i0.wp.com\/elterritorialweb.com.ar\/web\/wp-content\/uploads\/2020\/03\/DSCF8044-2.jpg?resize=1024%2C1365&amp;ssl=1 1024w, https:\/\/i0.wp.com\/elterritorialweb.com.ar\/web\/wp-content\/uploads\/2020\/03\/DSCF8044-2.jpg?zoom=2&amp;resize=768%2C1024 1536w\" data-sizes=\"(max-width: 640px) 100vw, 640px\" src=\"data:image\/svg+xml;base64,PHN2ZyB3aWR0aD0iMSIgaGVpZ2h0PSIxIiB4bWxucz0iaHR0cDovL3d3dy53My5vcmcvMjAwMC9zdmciPjwvc3ZnPg==\" style=\"--smush-placeholder-width: 640px; --smush-placeholder-aspect-ratio: 640\/853;\" \/><\/figure>\n\n\n\n<p>El joven resalt\u00f3 adem\u00e1s que tiene el deseo de que sus\ncanciones sean escuchadas por todas las personas en todas partes y que estas\npuedan identificarse con alguna de ellas.<\/p>\n\n\n\n<p>Consultado sobre c\u00f3mo es su proceso creativo, respondi\u00f3, que, en \u00e9l, la melod\u00eda surge primero y luego aparece la poes\u00eda que al mezclarse ambas, dan como resultado sus canciones. Comenta tambi\u00e9n, que su productor musical, Jos\u00e9 Gabriel Gentile, es un profesional muy reconocido tanto a nivel nacional e internacional, ya que trabaj\u00f3 con artistas de la talla de Chayane entre otros reconocidos, y es quien le brind\u00f3 la oportunidad de grabar con m\u00fasicos muy destacados, tal es el caso del actual baterista de la banda Airbag, Mati Sabagh y el guitarrista de Jorge Rojas Marcelo C\u00e1ceres.<\/p>\n\n\n\n<p>La Canci\u00f3n \u201cNo Pierdas los Motivos\u201d ha sido publicada\nrecientemente el 5 de febrero en su canal de youtube para comenzar a difundirse\ny que las personas comiencen a conocerla y familiarizarse con su m\u00fasica y\nletra.<\/p>\n\n\n\n<p>Por otra parte, el cantautor dijo que en unos d\u00edas comenzar\u00e1 a filmar, en C\u00f3rdoba tambi\u00e9n, el video clip para la canci\u00f3n con un director de cine Erick Culasso, quien hizo el v\u00eddeo clip para Coqui Ram\u00edrez, la banda cordobesa de rock O\u2018clock y fue el guionista del v\u00eddeo de Jorge Rojas del tema \u201cComo Ayer\u201d. <\/p>\n\n\n\n<p>Todas estas referencias mantienen expectante a\nFernando, quien asegura que la realizaci\u00f3n del mismo ser\u00e1 de muy buena calidad,\ncon lindas tomas, tanto en piso como en exterior. <\/p>\n\n\n\n<figure class=\"wp-block-embed-youtube wp-block-embed is-type-video is-provider-youtube wp-embed-aspect-16-9 wp-has-aspect-ratio\"><div class=\"wp-block-embed__wrapper\">\n<iframe title=\"El enga\u00f1o - Fernando Avila\" width=\"640\" height=\"360\" data-src=\"https:\/\/www.youtube.com\/embed\/two7sI0dmeY?feature=oembed\" frameborder=\"0\" allow=\"accelerometer; autoplay; clipboard-write; encrypted-media; gyroscope; picture-in-picture; web-share\" referrerpolicy=\"strict-origin-when-cross-origin\" allowfullscreen src=\"data:image\/svg+xml;base64,PHN2ZyB3aWR0aD0iMSIgaGVpZ2h0PSIxIiB4bWxucz0iaHR0cDovL3d3dy53My5vcmcvMjAwMC9zdmciPjwvc3ZnPg==\" class=\"lazyload\" data-load-mode=\"1\"><\/iframe>\n<\/div><\/figure>\n\n\n\n<p>Finalmente afirm\u00f3 que ya con el v\u00eddeo clip en mano el pr\u00f3ximo paso es encarar la etapa de promoci\u00f3n del disco por los distintos canales musicales, en lo posible de todo el pa\u00eds, como CM, MTV y Quiero M\u00fasica entre otros, y que una vez terminado su primer material discogr\u00e1fico anhela comenzar a presentarse en los distintos escenarios con su variada propuesta.<\/p>\n\n\n\n<p><\/p>\n","protected":false},"excerpt":{"rendered":"<p>Su propuesta fusiona diferentes  estilos con la intenci\u00f3n de llegar a un p\u00fablico bien variado.<\/p>\n","protected":false},"author":2,"featured_media":1881,"comment_status":"open","ping_status":"open","sticky":false,"template":"","format":"standard","meta":{"om_disable_all_campaigns":false,"_monsterinsights_skip_tracking":false,"_monsterinsights_sitenote_active":false,"_monsterinsights_sitenote_note":"","_monsterinsights_sitenote_category":0,"_uf_show_specific_survey":0,"_uf_disable_surveys":false,"jetpack_post_was_ever_published":false,"_jetpack_newsletter_access":"","_jetpack_dont_email_post_to_subs":false,"_jetpack_newsletter_tier_id":0,"_jetpack_memberships_contains_paywalled_content":false,"_jetpack_memberships_contains_paid_content":false,"footnotes":"","jetpack_publicize_message":"","jetpack_publicize_feature_enabled":true,"jetpack_social_post_already_shared":false,"jetpack_social_options":{"image_generator_settings":{"template":"highway","default_image_id":0,"font":"","enabled":false},"version":2}},"categories":[20],"tags":[],"class_list":["post-1880","post","type-post","status-publish","format-standard","has-post-thumbnail","hentry","category-especysociales"],"aioseo_notices":[],"views":29,"jetpack_publicize_connections":[],"jetpack_featured_media_url":"https:\/\/i0.wp.com\/elterritorialweb.com.ar\/web\/wp-content\/uploads\/2020\/03\/DSCF8040-1.jpg?fit=2048%2C1536&ssl=1","jetpack_sharing_enabled":true,"_links":{"self":[{"href":"https:\/\/elterritorialweb.com.ar\/web\/wp-json\/wp\/v2\/posts\/1880","targetHints":{"allow":["GET"]}}],"collection":[{"href":"https:\/\/elterritorialweb.com.ar\/web\/wp-json\/wp\/v2\/posts"}],"about":[{"href":"https:\/\/elterritorialweb.com.ar\/web\/wp-json\/wp\/v2\/types\/post"}],"author":[{"embeddable":true,"href":"https:\/\/elterritorialweb.com.ar\/web\/wp-json\/wp\/v2\/users\/2"}],"replies":[{"embeddable":true,"href":"https:\/\/elterritorialweb.com.ar\/web\/wp-json\/wp\/v2\/comments?post=1880"}],"version-history":[{"count":2,"href":"https:\/\/elterritorialweb.com.ar\/web\/wp-json\/wp\/v2\/posts\/1880\/revisions"}],"predecessor-version":[{"id":1886,"href":"https:\/\/elterritorialweb.com.ar\/web\/wp-json\/wp\/v2\/posts\/1880\/revisions\/1886"}],"wp:featuredmedia":[{"embeddable":true,"href":"https:\/\/elterritorialweb.com.ar\/web\/wp-json\/wp\/v2\/media\/1881"}],"wp:attachment":[{"href":"https:\/\/elterritorialweb.com.ar\/web\/wp-json\/wp\/v2\/media?parent=1880"}],"wp:term":[{"taxonomy":"category","embeddable":true,"href":"https:\/\/elterritorialweb.com.ar\/web\/wp-json\/wp\/v2\/categories?post=1880"},{"taxonomy":"post_tag","embeddable":true,"href":"https:\/\/elterritorialweb.com.ar\/web\/wp-json\/wp\/v2\/tags?post=1880"}],"curies":[{"name":"wp","href":"https:\/\/api.w.org\/{rel}","templated":true}]}}