{"id":1887,"date":"2020-03-09T22:07:28","date_gmt":"2020-03-09T22:07:28","guid":{"rendered":"http:\/\/elterritorialweb.com.ar\/web\/?p=1887"},"modified":"2020-03-09T22:07:29","modified_gmt":"2020-03-09T22:07:29","slug":"el-gobernador-encabezo-la-jornada-de-capacitacion-establecida-por-la-ley-micaela","status":"publish","type":"post","link":"https:\/\/elterritorialweb.com.ar\/web\/el-gobernador-encabezo-la-jornada-de-capacitacion-establecida-por-la-ley-micaela\/","title":{"rendered":"EL GOBERNADOR ENCABEZ\u00d3 LA JORNADA DE CAPACITACI\u00d3N  ESTABLECIDA POR LA LEY MICAELA"},"content":{"rendered":"\n<p><\/p>\n\n\n\n<p>El gobernador Dr. Gerardo Zamora encabez\u00f3 la ceremonia desde Casa de Gobierno por el D\u00eda Internacional de la Mujer  junto a la Presidente Provisional del Senado de la Naci\u00f3n, la Dra. Claudia Ledesma Abdala de Zamora, quien hizo referencia a la lucha y los derechos de las mujeres, en particular se Santiago del Estero.<\/p>\n\n\n\n<figure class=\"wp-block-image size-large\"><img data-recalc-dims=\"1\" decoding=\"async\" width=\"640\" height=\"640\" data-src=\"https:\/\/i0.wp.com\/elterritorialweb.com.ar\/web\/wp-content\/uploads\/2020\/03\/barbur-2.jpg?resize=640%2C640\" alt=\"\" class=\"wp-image-1890 lazyload\" data-srcset=\"https:\/\/i0.wp.com\/elterritorialweb.com.ar\/web\/wp-content\/uploads\/2020\/03\/barbur-2.jpg?w=960&amp;ssl=1 960w, https:\/\/i0.wp.com\/elterritorialweb.com.ar\/web\/wp-content\/uploads\/2020\/03\/barbur-2.jpg?resize=300%2C300&amp;ssl=1 300w, https:\/\/i0.wp.com\/elterritorialweb.com.ar\/web\/wp-content\/uploads\/2020\/03\/barbur-2.jpg?resize=150%2C150&amp;ssl=1 150w, https:\/\/i0.wp.com\/elterritorialweb.com.ar\/web\/wp-content\/uploads\/2020\/03\/barbur-2.jpg?resize=768%2C768&amp;ssl=1 768w\" data-sizes=\"(max-width: 640px) 100vw, 640px\" src=\"data:image\/svg+xml;base64,PHN2ZyB3aWR0aD0iMSIgaGVpZ2h0PSIxIiB4bWxucz0iaHR0cDovL3d3dy53My5vcmcvMjAwMC9zdmciPjwvc3ZnPg==\" style=\"--smush-placeholder-width: 640px; --smush-placeholder-aspect-ratio: 640\/640;\" \/><\/figure>\n\n\n\n<p>La conferencia se llev\u00f3 a cabo en el sal\u00f3n auditorio de Casa de Gobierno, con la presencia de ministros, secretarios, subsecretarios del Poder Ejecutivo, legisladores nacionales e invitados especiales. En la oportunidad tambi\u00e9n se organiz\u00f3 la primera transmisi\u00f3n en cadena provincial a trav\u00e9s de los medios de comunicaci\u00f3n.<\/p>\n\n\n\n<p>La jornada de capacitaci\u00f3n sobre la Ley Micaela n\u00b026. 485 estuvo destinada a todos los funcionarios y empleados p\u00fablicos de la provincia. Estas actividades se enmarcan en el a\u00f1o del Bicentenario de la Autonom\u00eda Provincial.<\/p>\n","protected":false},"excerpt":{"rendered":"<p>Por medio de una teleconferencia los tres poderes de la provincia, participaron de una de una jornada de capacitaci\u00f3n sobre la Ley Micaela.<\/p>\n","protected":false},"author":2,"featured_media":1888,"comment_status":"open","ping_status":"open","sticky":false,"template":"","format":"standard","meta":{"om_disable_all_campaigns":false,"_monsterinsights_skip_tracking":false,"_monsterinsights_sitenote_active":false,"_monsterinsights_sitenote_note":"","_monsterinsights_sitenote_category":0,"_uf_show_specific_survey":0,"_uf_disable_surveys":false,"jetpack_post_was_ever_published":false,"_jetpack_newsletter_access":"","_jetpack_dont_email_post_to_subs":false,"_jetpack_newsletter_tier_id":0,"_jetpack_memberships_contains_paywalled_content":false,"_jetpack_memberships_contains_paid_content":false,"footnotes":"","jetpack_publicize_message":"","jetpack_publicize_feature_enabled":true,"jetpack_social_post_already_shared":false,"jetpack_social_options":{"image_generator_settings":{"template":"highway","default_image_id":0,"font":"","enabled":false},"version":2}},"categories":[21],"tags":[],"class_list":["post-1887","post","type-post","status-publish","format-standard","has-post-thumbnail","hentry","category-locales"],"aioseo_notices":[],"views":4,"jetpack_publicize_connections":[],"jetpack_featured_media_url":"https:\/\/i0.wp.com\/elterritorialweb.com.ar\/web\/wp-content\/uploads\/2020\/03\/barbur.jpg?fit=960%2C960&ssl=1","jetpack_sharing_enabled":true,"_links":{"self":[{"href":"https:\/\/elterritorialweb.com.ar\/web\/wp-json\/wp\/v2\/posts\/1887","targetHints":{"allow":["GET"]}}],"collection":[{"href":"https:\/\/elterritorialweb.com.ar\/web\/wp-json\/wp\/v2\/posts"}],"about":[{"href":"https:\/\/elterritorialweb.com.ar\/web\/wp-json\/wp\/v2\/types\/post"}],"author":[{"embeddable":true,"href":"https:\/\/elterritorialweb.com.ar\/web\/wp-json\/wp\/v2\/users\/2"}],"replies":[{"embeddable":true,"href":"https:\/\/elterritorialweb.com.ar\/web\/wp-json\/wp\/v2\/comments?post=1887"}],"version-history":[{"count":1,"href":"https:\/\/elterritorialweb.com.ar\/web\/wp-json\/wp\/v2\/posts\/1887\/revisions"}],"predecessor-version":[{"id":1891,"href":"https:\/\/elterritorialweb.com.ar\/web\/wp-json\/wp\/v2\/posts\/1887\/revisions\/1891"}],"wp:featuredmedia":[{"embeddable":true,"href":"https:\/\/elterritorialweb.com.ar\/web\/wp-json\/wp\/v2\/media\/1888"}],"wp:attachment":[{"href":"https:\/\/elterritorialweb.com.ar\/web\/wp-json\/wp\/v2\/media?parent=1887"}],"wp:term":[{"taxonomy":"category","embeddable":true,"href":"https:\/\/elterritorialweb.com.ar\/web\/wp-json\/wp\/v2\/categories?post=1887"},{"taxonomy":"post_tag","embeddable":true,"href":"https:\/\/elterritorialweb.com.ar\/web\/wp-json\/wp\/v2\/tags?post=1887"}],"curies":[{"name":"wp","href":"https:\/\/api.w.org\/{rel}","templated":true}]}}