{"id":1892,"date":"2020-03-09T22:19:20","date_gmt":"2020-03-09T22:19:20","guid":{"rendered":"http:\/\/elterritorialweb.com.ar\/web\/?p=1892"},"modified":"2020-03-09T22:19:20","modified_gmt":"2020-03-09T22:19:20","slug":"herrera-entrega-de-viviendas-sociales","status":"publish","type":"post","link":"https:\/\/elterritorialweb.com.ar\/web\/herrera-entrega-de-viviendas-sociales\/","title":{"rendered":"HERRERA: ENTREGA DE VIVIENDAS SOCIALES"},"content":{"rendered":"\n<p>En la localidad Herrera, departamento Avellaneda, quedaron inauguradas un total de 23 viviendas sociales, con la presencia del Gobernador de la provincia, Dr. Gerardo Zamora acompa\u00f1ado por los&nbsp; ministros de Desarrollo Social Dr. \u00c1ngel Niccolai, de Educaci\u00f3n Ciencia y Tecnolog\u00eda Dra. Mariela Nassif, de Obras P\u00fablicas, Agua y Medio Ambiente Arq. Argentino Cambrini, comisionado Municipal de Herrera Humberto Lugones, familias beneficiarias y comunidad en general.<\/p>\n\n\n\n<p>Las viviendas fueron construidas por la Comisi\u00f3n Municipal de Herrera a cargo de Humberto Herrera y Asociaci\u00f3n de Fomento Comunal \u201cEl Progreso\u201d de Santa Catalina que dirige Fernando Tejeda y benefician a familias de los parajes de El veinte, Kil\u00f3metro Once, san Jos\u00e9, Santa Catalina, Acequia Vieja, San Antonio y Gramilla, del departamento Avellaneda.<\/p>\n\n\n\n<figure class=\"wp-block-image size-large\"><img data-recalc-dims=\"1\" decoding=\"async\" width=\"640\" height=\"541\" data-src=\"https:\/\/i0.wp.com\/elterritorialweb.com.ar\/web\/wp-content\/uploads\/2020\/03\/CASA.jpg?resize=640%2C541\" alt=\"\" class=\"wp-image-1895 lazyload\" data-srcset=\"https:\/\/i0.wp.com\/elterritorialweb.com.ar\/web\/wp-content\/uploads\/2020\/03\/CASA.jpg?w=960&amp;ssl=1 960w, https:\/\/i0.wp.com\/elterritorialweb.com.ar\/web\/wp-content\/uploads\/2020\/03\/CASA.jpg?resize=300%2C253&amp;ssl=1 300w, https:\/\/i0.wp.com\/elterritorialweb.com.ar\/web\/wp-content\/uploads\/2020\/03\/CASA.jpg?resize=768%2C649&amp;ssl=1 768w\" data-sizes=\"(max-width: 640px) 100vw, 640px\" src=\"data:image\/svg+xml;base64,PHN2ZyB3aWR0aD0iMSIgaGVpZ2h0PSIxIiB4bWxucz0iaHR0cDovL3d3dy53My5vcmcvMjAwMC9zdmciPjwvc3ZnPg==\" style=\"--smush-placeholder-width: 640px; --smush-placeholder-aspect-ratio: 640\/541;\" \/><\/figure>\n\n\n\n<p>El gobernador expres\u00f3: \u00abNuestra meta es que este programa contin\u00fae, llevar un techo digno a cada familia que lo necesite. Esto arranc\u00f3 hace seis a\u00f1os, con una decisi\u00f3n clave de la ex-gobernadora Dra. Claudia de Zamora y en un mes, vamos a llegar a 20 mil viviendas inauguradas entre las comunas y las ONGs\u201d.<\/p>\n\n\n\n<figure class=\"wp-block-image size-large\"><img data-recalc-dims=\"1\" decoding=\"async\" width=\"640\" height=\"403\" data-src=\"https:\/\/i0.wp.com\/elterritorialweb.com.ar\/web\/wp-content\/uploads\/2020\/03\/CASA1.jpg?resize=640%2C403\" alt=\"\" class=\"wp-image-1897 lazyload\" data-srcset=\"https:\/\/i0.wp.com\/elterritorialweb.com.ar\/web\/wp-content\/uploads\/2020\/03\/CASA1.jpg?w=960&amp;ssl=1 960w, https:\/\/i0.wp.com\/elterritorialweb.com.ar\/web\/wp-content\/uploads\/2020\/03\/CASA1.jpg?resize=300%2C189&amp;ssl=1 300w, https:\/\/i0.wp.com\/elterritorialweb.com.ar\/web\/wp-content\/uploads\/2020\/03\/CASA1.jpg?resize=768%2C483&amp;ssl=1 768w\" data-sizes=\"(max-width: 640px) 100vw, 640px\" src=\"data:image\/svg+xml;base64,PHN2ZyB3aWR0aD0iMSIgaGVpZ2h0PSIxIiB4bWxucz0iaHR0cDovL3d3dy53My5vcmcvMjAwMC9zdmciPjwvc3ZnPg==\" style=\"--smush-placeholder-width: 640px; --smush-placeholder-aspect-ratio: 640\/403;\" \/><\/figure>\n\n\n\n<p>Finalmente sostuv\u00f3: \u201cCon este Programa de Viviendas sociales forjamos trabajo y generamos una econom\u00eda en cada uno de los lugares donde trabaja la comuna o las ONGs. Este programa va a seguir invirtiendo hasta que no quede ning\u00fan rancho en la provincia\u201d y culmin\u00f3 \u201cFelicitaciones a todos los beneficiarios, a la gente que trabaja y colabora con este programa que no se va a detener y es as\u00ed que convocamos a todo tipo de instituciones que quieran colaborar bajo este programa. Que Dios nos acompa\u00f1e y nos ilumine siempre\u201d.<\/p>\n","protected":false},"excerpt":{"rendered":"<p>En la localidad Herrera, departamento Avellaneda, quedaron inauguradas un total de 23 viviendas sociales, con&#8230;<\/p>\n","protected":false},"author":2,"featured_media":1894,"comment_status":"open","ping_status":"open","sticky":false,"template":"","format":"standard","meta":{"om_disable_all_campaigns":false,"_monsterinsights_skip_tracking":false,"_monsterinsights_sitenote_active":false,"_monsterinsights_sitenote_note":"","_monsterinsights_sitenote_category":0,"_uf_show_specific_survey":0,"_uf_disable_surveys":false,"jetpack_post_was_ever_published":false,"_jetpack_newsletter_access":"","_jetpack_dont_email_post_to_subs":false,"_jetpack_newsletter_tier_id":0,"_jetpack_memberships_contains_paywalled_content":false,"_jetpack_memberships_contains_paid_content":false,"footnotes":"","jetpack_publicize_message":"","jetpack_publicize_feature_enabled":true,"jetpack_social_post_already_shared":false,"jetpack_social_options":{"image_generator_settings":{"template":"highway","default_image_id":0,"font":"","enabled":false},"version":2}},"categories":[21],"tags":[],"class_list":["post-1892","post","type-post","status-publish","format-standard","has-post-thumbnail","hentry","category-locales"],"aioseo_notices":[],"views":4,"jetpack_publicize_connections":[],"jetpack_featured_media_url":"https:\/\/i0.wp.com\/elterritorialweb.com.ar\/web\/wp-content\/uploads\/2020\/03\/CASA3.jpg?fit=960%2C643&ssl=1","jetpack_sharing_enabled":true,"_links":{"self":[{"href":"https:\/\/elterritorialweb.com.ar\/web\/wp-json\/wp\/v2\/posts\/1892","targetHints":{"allow":["GET"]}}],"collection":[{"href":"https:\/\/elterritorialweb.com.ar\/web\/wp-json\/wp\/v2\/posts"}],"about":[{"href":"https:\/\/elterritorialweb.com.ar\/web\/wp-json\/wp\/v2\/types\/post"}],"author":[{"embeddable":true,"href":"https:\/\/elterritorialweb.com.ar\/web\/wp-json\/wp\/v2\/users\/2"}],"replies":[{"embeddable":true,"href":"https:\/\/elterritorialweb.com.ar\/web\/wp-json\/wp\/v2\/comments?post=1892"}],"version-history":[{"count":1,"href":"https:\/\/elterritorialweb.com.ar\/web\/wp-json\/wp\/v2\/posts\/1892\/revisions"}],"predecessor-version":[{"id":1898,"href":"https:\/\/elterritorialweb.com.ar\/web\/wp-json\/wp\/v2\/posts\/1892\/revisions\/1898"}],"wp:featuredmedia":[{"embeddable":true,"href":"https:\/\/elterritorialweb.com.ar\/web\/wp-json\/wp\/v2\/media\/1894"}],"wp:attachment":[{"href":"https:\/\/elterritorialweb.com.ar\/web\/wp-json\/wp\/v2\/media?parent=1892"}],"wp:term":[{"taxonomy":"category","embeddable":true,"href":"https:\/\/elterritorialweb.com.ar\/web\/wp-json\/wp\/v2\/categories?post=1892"},{"taxonomy":"post_tag","embeddable":true,"href":"https:\/\/elterritorialweb.com.ar\/web\/wp-json\/wp\/v2\/tags?post=1892"}],"curies":[{"name":"wp","href":"https:\/\/api.w.org\/{rel}","templated":true}]}}