{"id":1899,"date":"2020-03-09T22:31:48","date_gmt":"2020-03-09T22:31:48","guid":{"rendered":"http:\/\/elterritorialweb.com.ar\/web\/?p=1899"},"modified":"2020-03-09T22:31:48","modified_gmt":"2020-03-09T22:31:48","slug":"zamora-inauguro-el-nuevo-edificio-del-colegio-secundario-republica-de-venezuela","status":"publish","type":"post","link":"https:\/\/elterritorialweb.com.ar\/web\/zamora-inauguro-el-nuevo-edificio-del-colegio-secundario-republica-de-venezuela\/","title":{"rendered":"ZAMORA INAUGUR\u00d3 EL NUEVO EDIFICIO DEL COLEGIO SECUNDARIO REP\u00daBLICA DE VENEZUELA"},"content":{"rendered":"\n<p>HERRERA<\/p>\n\n\n\n<p> El Gobernador de la Provincia, Dr. Gerardo Zamora dej\u00f3 inaugurado el nuevo edificio del Colegio Secundario Rep\u00fablica de Venezuela en la localidad de Herrera, departamento Avellaneda. <\/p>\n\n\n\n<p>El Colegio Secundario Rep\u00fablica de Venezuela alberga a 300 alumnos y\u00a0 tambi\u00e9n funciona como sede del Agrupamiento N\u00b0 86.156 con 50 alumnos de cuatro escuelas de la ruralidad. Entre los parajes que impacta el agrupamiento se encuentra Tala Pozo, Campo Alegre, San Antonio y San Jos\u00e9.<\/p>\n\n\n\n<p>La comitiva oficial encabezada por el primer mandatario provincial estuvo integrada por el vicegobernador, Dr. Carlos Silva Nede, ministra de Educaci\u00f3n, ciencia y Tecnolog\u00eda, Dra. Mariela Nassif, ministro de Desarrollo Social, Dr. \u00c1ngel Niccolai, ministro de Obras P\u00fablicas, Agua y Medio Ambiente, Arq. Argentino Cambrini y comisionado de Herrera, Humberto Lugones, quienes fueron recibidos por el rector del Colegio, Prof. Mario Ohannesian.<\/p>\n\n\n\n<p>A su arribo nuevo edificio del Colegio, el gobernador fue saludado alegremente por toda la comunidad educativa que lo esperaba con notable entusiasmo. Tras el corte de cintas qued\u00f3 formalmente inaugurada la instituci\u00f3n que contiene todos los elementos para una educaci\u00f3n de calidad.<\/p>\n\n\n\n<p>En este contexto las autoridades realizaron el recorrido por el nuevo edificio, visitaron la oficina de administraci\u00f3n, sala de inform\u00e1tica, biblioteca, laboratorio cient\u00edfico y las aulas donde el Gobernador, Dr. Gerardo Zamora pudo interactuar con los alumnos que le expresaron todo su agradecimiento.<\/p>\n\n\n\n<figure class=\"wp-block-image size-large\"><img data-recalc-dims=\"1\" decoding=\"async\" width=\"640\" height=\"427\" data-src=\"https:\/\/i0.wp.com\/elterritorialweb.com.ar\/web\/wp-content\/uploads\/2020\/03\/escuela-1.jpg?resize=640%2C427\" alt=\"\" class=\"wp-image-1901 lazyload\" data-srcset=\"https:\/\/i0.wp.com\/elterritorialweb.com.ar\/web\/wp-content\/uploads\/2020\/03\/escuela-1.jpg?w=960&amp;ssl=1 960w, https:\/\/i0.wp.com\/elterritorialweb.com.ar\/web\/wp-content\/uploads\/2020\/03\/escuela-1.jpg?resize=300%2C200&amp;ssl=1 300w, https:\/\/i0.wp.com\/elterritorialweb.com.ar\/web\/wp-content\/uploads\/2020\/03\/escuela-1.jpg?resize=768%2C512&amp;ssl=1 768w, https:\/\/i0.wp.com\/elterritorialweb.com.ar\/web\/wp-content\/uploads\/2020\/03\/escuela-1.jpg?resize=675%2C450&amp;ssl=1 675w\" data-sizes=\"(max-width: 640px) 100vw, 640px\" src=\"data:image\/svg+xml;base64,PHN2ZyB3aWR0aD0iMSIgaGVpZ2h0PSIxIiB4bWxucz0iaHR0cDovL3d3dy53My5vcmcvMjAwMC9zdmciPjwvc3ZnPg==\" style=\"--smush-placeholder-width: 640px; --smush-placeholder-aspect-ratio: 640\/427;\" \/><\/figure>\n\n\n\n<p>Ante la presencia de alumnos y directivos del Colegio Secundario Rep\u00fablica de Venezuela, zonas cercanas, comisionados y comunidad en general, se llev\u00f3 a cabo el acto protocolar.<\/p>\n\n\n\n<p>Al tomar la palabra el rector del Colegio Secundario Rep\u00fablica de Venezuela, Prof. Mario Ohannesian cont\u00f3 la historia del colegio y agreg\u00f3 \u201cun grupo de alumnos mediante el programa conociendo mi provincia visitaba la casa de gobierno donde fueron recibidos en ese entonces por la Gobernadora, Dra. Claudia de Zamora y por iniciativa de los padres se entrega una carta con el pedido de un edificio propio y a la semana pudimos ver con benepl\u00e1cito la publicaci\u00f3n del llamado de licitaci\u00f3n para la construcci\u00f3n del nuevo edificio. Hoy nos invade la emoci\u00f3n porque ya es realidad nuestra casa contando con los espacios y los elementos que favorecen las condiciones para el aprendizaje. Por eso Gobernador en nombre de toda la comunidad de Herrera le damos las gracias\u201d.<\/p>\n","protected":false},"excerpt":{"rendered":"<p>El primer mandatario provincial manifest\u00f3 su alegr\u00eda de estar en Herrera y dijo que la obra del colegio primario se va a terminar y esta es otra obra educativa en la que se esta invirtiendo en esta localidad.<\/p>\n","protected":false},"author":2,"featured_media":1900,"comment_status":"open","ping_status":"open","sticky":false,"template":"","format":"standard","meta":{"om_disable_all_campaigns":false,"_monsterinsights_skip_tracking":false,"_monsterinsights_sitenote_active":false,"_monsterinsights_sitenote_note":"","_monsterinsights_sitenote_category":0,"_uf_show_specific_survey":0,"_uf_disable_surveys":false,"jetpack_post_was_ever_published":false,"_jetpack_newsletter_access":"","_jetpack_dont_email_post_to_subs":false,"_jetpack_newsletter_tier_id":0,"_jetpack_memberships_contains_paywalled_content":false,"_jetpack_memberships_contains_paid_content":false,"footnotes":"","jetpack_publicize_message":"","jetpack_publicize_feature_enabled":true,"jetpack_social_post_already_shared":false,"jetpack_social_options":{"image_generator_settings":{"template":"highway","default_image_id":0,"font":"","enabled":false},"version":2}},"categories":[21],"tags":[],"class_list":["post-1899","post","type-post","status-publish","format-standard","has-post-thumbnail","hentry","category-locales"],"aioseo_notices":[],"views":10,"jetpack_publicize_connections":[],"jetpack_featured_media_url":"https:\/\/i0.wp.com\/elterritorialweb.com.ar\/web\/wp-content\/uploads\/2020\/03\/escuela-imp.jpg?fit=958%2C640&ssl=1","jetpack_sharing_enabled":true,"_links":{"self":[{"href":"https:\/\/elterritorialweb.com.ar\/web\/wp-json\/wp\/v2\/posts\/1899","targetHints":{"allow":["GET"]}}],"collection":[{"href":"https:\/\/elterritorialweb.com.ar\/web\/wp-json\/wp\/v2\/posts"}],"about":[{"href":"https:\/\/elterritorialweb.com.ar\/web\/wp-json\/wp\/v2\/types\/post"}],"author":[{"embeddable":true,"href":"https:\/\/elterritorialweb.com.ar\/web\/wp-json\/wp\/v2\/users\/2"}],"replies":[{"embeddable":true,"href":"https:\/\/elterritorialweb.com.ar\/web\/wp-json\/wp\/v2\/comments?post=1899"}],"version-history":[{"count":1,"href":"https:\/\/elterritorialweb.com.ar\/web\/wp-json\/wp\/v2\/posts\/1899\/revisions"}],"predecessor-version":[{"id":1902,"href":"https:\/\/elterritorialweb.com.ar\/web\/wp-json\/wp\/v2\/posts\/1899\/revisions\/1902"}],"wp:featuredmedia":[{"embeddable":true,"href":"https:\/\/elterritorialweb.com.ar\/web\/wp-json\/wp\/v2\/media\/1900"}],"wp:attachment":[{"href":"https:\/\/elterritorialweb.com.ar\/web\/wp-json\/wp\/v2\/media?parent=1899"}],"wp:term":[{"taxonomy":"category","embeddable":true,"href":"https:\/\/elterritorialweb.com.ar\/web\/wp-json\/wp\/v2\/categories?post=1899"},{"taxonomy":"post_tag","embeddable":true,"href":"https:\/\/elterritorialweb.com.ar\/web\/wp-json\/wp\/v2\/tags?post=1899"}],"curies":[{"name":"wp","href":"https:\/\/api.w.org\/{rel}","templated":true}]}}