{"id":1975,"date":"2020-03-10T16:53:32","date_gmt":"2020-03-10T16:53:32","guid":{"rendered":"http:\/\/elterritorialweb.com.ar\/web\/?p=1975"},"modified":"2020-03-10T16:53:33","modified_gmt":"2020-03-10T16:53:33","slug":"el-aeropuerto-de-termas-permanecera-cerrado-los-lunes-y-martes-por-mantenimiento-hasta-semana-santa","status":"publish","type":"post","link":"https:\/\/elterritorialweb.com.ar\/web\/el-aeropuerto-de-termas-permanecera-cerrado-los-lunes-y-martes-por-mantenimiento-hasta-semana-santa\/","title":{"rendered":"EL AEROPUERTO DE TERMAS PERMANECER\u00c1 CERRADO LOS LUNES Y MARTES POR MANTENIMIENTO HASTA SEMANA SANTA"},"content":{"rendered":"\n<p>TERMAS DE R\u00cdO HONDO<\/p>\n\n\n\n<p>La delegaci\u00f3n de la Administraci\u00f3n Nacional de Aviaci\u00f3n Civil con sede en Las Termas de R\u00edo Hondo inform\u00f3 que durante los lunes y martes de este mes y hasta Semana Santa, el Aeropuerto Internacional de Las Termas de R\u00edo Hondo estar\u00e1 cerrado durante estos d\u00edas sin afectar el normal arribo y despegue de los vuelos de\u00a0American Jet S.A.\u00a0de jueves y domingos.<\/p>\n\n\n\n<p>Esta medida se debe a los trabajos de mantenimiento necesarios para mejorar los servicios de la estaci\u00f3n a\u00e9rea. Cabe agregar que estas obras son muy importantes para hacer m\u00e1s eficiente las operaciones y optimizar la seguridad del aeropuerto, sobre todo ante la proximidad de eventos internacionales como el PGA Latinoamericano y el Moto GP.&nbsp;\n\n<\/p>\n","protected":false},"excerpt":{"rendered":"<p>TERMAS DE R\u00cdO HONDO La delegaci\u00f3n de la Administraci\u00f3n Nacional de Aviaci\u00f3n Civil con sede&#8230;<\/p>\n","protected":false},"author":2,"featured_media":1976,"comment_status":"open","ping_status":"open","sticky":false,"template":"","format":"standard","meta":{"om_disable_all_campaigns":false,"_monsterinsights_skip_tracking":false,"_monsterinsights_sitenote_active":false,"_monsterinsights_sitenote_note":"","_monsterinsights_sitenote_category":0,"_uf_show_specific_survey":0,"_uf_disable_surveys":false,"jetpack_post_was_ever_published":false,"_jetpack_newsletter_access":"","_jetpack_dont_email_post_to_subs":false,"_jetpack_newsletter_tier_id":0,"_jetpack_memberships_contains_paywalled_content":false,"_jetpack_memberships_contains_paid_content":false,"footnotes":"","jetpack_publicize_message":"","jetpack_publicize_feature_enabled":true,"jetpack_social_post_already_shared":false,"jetpack_social_options":{"image_generator_settings":{"template":"highway","default_image_id":0,"font":"","enabled":false},"version":2}},"categories":[21],"tags":[],"class_list":["post-1975","post","type-post","status-publish","format-standard","has-post-thumbnail","hentry","category-locales"],"aioseo_notices":[],"views":6,"jetpack_publicize_connections":[],"jetpack_featured_media_url":"https:\/\/i0.wp.com\/elterritorialweb.com.ar\/web\/wp-content\/uploads\/2020\/03\/aero.jpg?fit=960%2C640&ssl=1","jetpack_sharing_enabled":true,"_links":{"self":[{"href":"https:\/\/elterritorialweb.com.ar\/web\/wp-json\/wp\/v2\/posts\/1975","targetHints":{"allow":["GET"]}}],"collection":[{"href":"https:\/\/elterritorialweb.com.ar\/web\/wp-json\/wp\/v2\/posts"}],"about":[{"href":"https:\/\/elterritorialweb.com.ar\/web\/wp-json\/wp\/v2\/types\/post"}],"author":[{"embeddable":true,"href":"https:\/\/elterritorialweb.com.ar\/web\/wp-json\/wp\/v2\/users\/2"}],"replies":[{"embeddable":true,"href":"https:\/\/elterritorialweb.com.ar\/web\/wp-json\/wp\/v2\/comments?post=1975"}],"version-history":[{"count":1,"href":"https:\/\/elterritorialweb.com.ar\/web\/wp-json\/wp\/v2\/posts\/1975\/revisions"}],"predecessor-version":[{"id":1977,"href":"https:\/\/elterritorialweb.com.ar\/web\/wp-json\/wp\/v2\/posts\/1975\/revisions\/1977"}],"wp:featuredmedia":[{"embeddable":true,"href":"https:\/\/elterritorialweb.com.ar\/web\/wp-json\/wp\/v2\/media\/1976"}],"wp:attachment":[{"href":"https:\/\/elterritorialweb.com.ar\/web\/wp-json\/wp\/v2\/media?parent=1975"}],"wp:term":[{"taxonomy":"category","embeddable":true,"href":"https:\/\/elterritorialweb.com.ar\/web\/wp-json\/wp\/v2\/categories?post=1975"},{"taxonomy":"post_tag","embeddable":true,"href":"https:\/\/elterritorialweb.com.ar\/web\/wp-json\/wp\/v2\/tags?post=1975"}],"curies":[{"name":"wp","href":"https:\/\/api.w.org\/{rel}","templated":true}]}}