{"id":19897,"date":"2021-04-09T02:35:39","date_gmt":"2021-04-09T02:35:39","guid":{"rendered":"http:\/\/elterritorialweb.com.ar\/web\/?p=19897"},"modified":"2021-04-09T02:35:40","modified_gmt":"2021-04-09T02:35:40","slug":"entregan-viviendas-sociales-en-la-localidad-en-medellin","status":"publish","type":"post","link":"https:\/\/elterritorialweb.com.ar\/web\/entregan-viviendas-sociales-en-la-localidad-en-medellin\/","title":{"rendered":"ENTREGAN VIVIENDAS SOCIALES EN LA LOCALIDAD EN MEDELL\u00cdN"},"content":{"rendered":"\n<p>Todas las viviendas fueron construidas por la Comisi\u00f3n Municipal de Medell\u00edn. Se llevaron a cabo dos actos respetando todos los protocolos de distanciamiento social para evitar contagios masivos debido a la pandemia mundial Covid-19. En los mismos estuvo el ministro de desarrollo social, Dr. \u00c1ngel Niccolai acompa\u00f1ado de comisionado de Medell\u00edn, Amado Abdala.<\/p>\n\n\n\n<p>Precisamente, el comisionado, Amado Abdala manifest\u00f3 \u201cestamos muy agradecidos por todo el apoyo brindado desde el gobierno de la provincia, felices por el grandioso programa de viviendas sociales, contentos de ver lograr una vivienda digna para toda la comunidad porque&nbsp; no solo beneficia a las familias sino tambi\u00e9n a la mano de obra local. En conclusi\u00f3n, estamos comprometidos a continuar trabajando para el bienestar de toda la comunidad\u201d.<\/p>\n\n\n\n<p>Por \u00faltimo el ministro de desarrollo social, Dr. \u00c1ngel Niccolai se\u00f1al\u00f3 \u201cmuy contento de estar hoy en Medellin, acompa\u00f1ando a las autoridades comunales y la alegr\u00eda de todas las familias que hoy reciben sus nuevas viviendas. Sorprendido por todo el avance en la ciudad y ver un barrio urbanizado completo de construcci\u00f3n de viviendas sociales, con alumbrado p\u00fablico, y de r\u00e1pido acceso\u201d.<\/p>\n\n\n\n<p>Niccolai destac\u00f3 que el programa se sigue \u201cconsolidando en todo el territorio\u201d y anunci\u00f3 que \u201cpronto en Medell\u00edn se comenzara con las vacunaciones de personas adultas mayores de 60 a\u00f1os. Esto implica que en toda la provincia se est\u00e1 llevando a cabo con \u00e9xito. Esto nos motiva y alegra para as\u00ed ir impidiendo que m\u00e1s personas se contagien del Covid 19\u201d.<\/p>\n","protected":false},"excerpt":{"rendered":"<p>El gobierno de la provincia dejo habilitadas 29 nuevas vivienda sociales totalmente amuebladas en la localidad de Medell\u00edn, departamento Atamisqui, que beneficiaran a diferentes parajes, entre ellos; Puerta Grande, La Paloma, Puesto del Rosario, Juanillo, Mollares y Boquer\u00f3n<\/p>\n","protected":false},"author":2,"featured_media":19898,"comment_status":"open","ping_status":"open","sticky":false,"template":"","format":"standard","meta":{"om_disable_all_campaigns":false,"_monsterinsights_skip_tracking":false,"_monsterinsights_sitenote_active":false,"_monsterinsights_sitenote_note":"","_monsterinsights_sitenote_category":0,"_uf_show_specific_survey":0,"_uf_disable_surveys":false,"jetpack_post_was_ever_published":false,"_jetpack_newsletter_access":"","_jetpack_dont_email_post_to_subs":false,"_jetpack_newsletter_tier_id":0,"_jetpack_memberships_contains_paywalled_content":false,"_jetpack_memberships_contains_paid_content":false,"footnotes":"","jetpack_publicize_message":"","jetpack_publicize_feature_enabled":true,"jetpack_social_post_already_shared":false,"jetpack_social_options":{"image_generator_settings":{"template":"highway","default_image_id":0,"font":"","enabled":false},"version":2}},"categories":[21],"tags":[],"class_list":["post-19897","post","type-post","status-publish","format-standard","has-post-thumbnail","hentry","category-locales"],"aioseo_notices":[],"views":7,"jetpack_publicize_connections":[],"jetpack_featured_media_url":"https:\/\/i0.wp.com\/elterritorialweb.com.ar\/web\/wp-content\/uploads\/2021\/04\/medellin-.jpg?fit=1800%2C1268&ssl=1","jetpack_sharing_enabled":true,"_links":{"self":[{"href":"https:\/\/elterritorialweb.com.ar\/web\/wp-json\/wp\/v2\/posts\/19897","targetHints":{"allow":["GET"]}}],"collection":[{"href":"https:\/\/elterritorialweb.com.ar\/web\/wp-json\/wp\/v2\/posts"}],"about":[{"href":"https:\/\/elterritorialweb.com.ar\/web\/wp-json\/wp\/v2\/types\/post"}],"author":[{"embeddable":true,"href":"https:\/\/elterritorialweb.com.ar\/web\/wp-json\/wp\/v2\/users\/2"}],"replies":[{"embeddable":true,"href":"https:\/\/elterritorialweb.com.ar\/web\/wp-json\/wp\/v2\/comments?post=19897"}],"version-history":[{"count":1,"href":"https:\/\/elterritorialweb.com.ar\/web\/wp-json\/wp\/v2\/posts\/19897\/revisions"}],"predecessor-version":[{"id":19899,"href":"https:\/\/elterritorialweb.com.ar\/web\/wp-json\/wp\/v2\/posts\/19897\/revisions\/19899"}],"wp:featuredmedia":[{"embeddable":true,"href":"https:\/\/elterritorialweb.com.ar\/web\/wp-json\/wp\/v2\/media\/19898"}],"wp:attachment":[{"href":"https:\/\/elterritorialweb.com.ar\/web\/wp-json\/wp\/v2\/media?parent=19897"}],"wp:term":[{"taxonomy":"category","embeddable":true,"href":"https:\/\/elterritorialweb.com.ar\/web\/wp-json\/wp\/v2\/categories?post=19897"},{"taxonomy":"post_tag","embeddable":true,"href":"https:\/\/elterritorialweb.com.ar\/web\/wp-json\/wp\/v2\/tags?post=19897"}],"curies":[{"name":"wp","href":"https:\/\/api.w.org\/{rel}","templated":true}]}}