{"id":2062,"date":"2020-03-11T17:07:48","date_gmt":"2020-03-11T17:07:48","guid":{"rendered":"http:\/\/elterritorialweb.com.ar\/web\/?p=2062"},"modified":"2020-03-11T17:07:49","modified_gmt":"2020-03-11T17:07:49","slug":"continuan-las-tareas-de-nivelacion-de-calles","status":"publish","type":"post","link":"https:\/\/elterritorialweb.com.ar\/web\/continuan-las-tareas-de-nivelacion-de-calles\/","title":{"rendered":"CONTIN\u00daAN LAS TAREAS DE NIVELACI\u00d3N DE CALLES"},"content":{"rendered":"\n<p>La Municipalidad de Fr\u00edas a trav\u00e9s de la Secretar\u00eda de Obras y Servicios P\u00fablicos contin\u00faa desarrollando un intenso trabajo en el mejoramiento de calles de la ciudad.<\/p>\n\n\n\n<p>En esta oportunidad las tareas se llevaron a cabo en el sector sudeste, m\u00e1s precisamente en el Barrio 40 viviendas, donde se realiz\u00f3 el nivelado de algunas de las arterias del mencionado complejo habitacional.<\/p>\n","protected":false},"excerpt":{"rendered":"<p>La Municipalidad de Fr\u00edas a trav\u00e9s de la Secretar\u00eda de Obras y Servicios P\u00fablicos contin\u00faa&#8230;<\/p>\n","protected":false},"author":2,"featured_media":2063,"comment_status":"open","ping_status":"open","sticky":false,"template":"","format":"standard","meta":{"om_disable_all_campaigns":false,"_monsterinsights_skip_tracking":false,"_monsterinsights_sitenote_active":false,"_monsterinsights_sitenote_note":"","_monsterinsights_sitenote_category":0,"_uf_show_specific_survey":0,"_uf_disable_surveys":false,"jetpack_post_was_ever_published":false,"_jetpack_newsletter_access":"","_jetpack_dont_email_post_to_subs":false,"_jetpack_newsletter_tier_id":0,"_jetpack_memberships_contains_paywalled_content":false,"_jetpack_memberships_contains_paid_content":false,"footnotes":"","jetpack_publicize_message":"","jetpack_publicize_feature_enabled":true,"jetpack_social_post_already_shared":false,"jetpack_social_options":{"image_generator_settings":{"template":"highway","default_image_id":0,"font":"","enabled":false},"version":2}},"categories":[21],"tags":[],"class_list":["post-2062","post","type-post","status-publish","format-standard","has-post-thumbnail","hentry","category-locales"],"aioseo_notices":[],"views":4,"jetpack_publicize_connections":[],"jetpack_featured_media_url":"https:\/\/i0.wp.com\/elterritorialweb.com.ar\/web\/wp-content\/uploads\/2020\/03\/MAQUINA-2.jpg?fit=960%2C638&ssl=1","jetpack_sharing_enabled":true,"_links":{"self":[{"href":"https:\/\/elterritorialweb.com.ar\/web\/wp-json\/wp\/v2\/posts\/2062","targetHints":{"allow":["GET"]}}],"collection":[{"href":"https:\/\/elterritorialweb.com.ar\/web\/wp-json\/wp\/v2\/posts"}],"about":[{"href":"https:\/\/elterritorialweb.com.ar\/web\/wp-json\/wp\/v2\/types\/post"}],"author":[{"embeddable":true,"href":"https:\/\/elterritorialweb.com.ar\/web\/wp-json\/wp\/v2\/users\/2"}],"replies":[{"embeddable":true,"href":"https:\/\/elterritorialweb.com.ar\/web\/wp-json\/wp\/v2\/comments?post=2062"}],"version-history":[{"count":1,"href":"https:\/\/elterritorialweb.com.ar\/web\/wp-json\/wp\/v2\/posts\/2062\/revisions"}],"predecessor-version":[{"id":2064,"href":"https:\/\/elterritorialweb.com.ar\/web\/wp-json\/wp\/v2\/posts\/2062\/revisions\/2064"}],"wp:featuredmedia":[{"embeddable":true,"href":"https:\/\/elterritorialweb.com.ar\/web\/wp-json\/wp\/v2\/media\/2063"}],"wp:attachment":[{"href":"https:\/\/elterritorialweb.com.ar\/web\/wp-json\/wp\/v2\/media?parent=2062"}],"wp:term":[{"taxonomy":"category","embeddable":true,"href":"https:\/\/elterritorialweb.com.ar\/web\/wp-json\/wp\/v2\/categories?post=2062"},{"taxonomy":"post_tag","embeddable":true,"href":"https:\/\/elterritorialweb.com.ar\/web\/wp-json\/wp\/v2\/tags?post=2062"}],"curies":[{"name":"wp","href":"https:\/\/api.w.org\/{rel}","templated":true}]}}