{"id":22188,"date":"2021-05-23T00:55:59","date_gmt":"2021-05-23T00:55:59","guid":{"rendered":"http:\/\/elterritorialweb.com.ar\/web\/?p=22188"},"modified":"2021-05-23T00:57:10","modified_gmt":"2021-05-23T00:57:10","slug":"trotta-el-pais-no-puede-tener-24-estrategias-distintas-porque-hay-una-sola-pandemia","status":"publish","type":"post","link":"https:\/\/elterritorialweb.com.ar\/web\/trotta-el-pais-no-puede-tener-24-estrategias-distintas-porque-hay-una-sola-pandemia\/","title":{"rendered":"TROTTA: \u00abEL PA\u00cdS NO PUEDE TENER 24 ESTRATEGIAS DISTINTAS PORQUE HAY UNA SOLA PANDEMIA\u00bb"},"content":{"rendered":"\n<p>El ministro de Educaci\u00f3n de la Naci\u00f3n&nbsp;<strong>Nicol\u00e1s Trotta<\/strong>, se reuni\u00f3 con&nbsp;<strong>las y los titulares de las carteras educativas de las 24 jurisdicciones del pa\u00eds<\/strong>, con el fin de abordar la situaci\u00f3n de las zonas donde se podr\u00e1 sostener la presencialidad por ser de bajo o medio riesgo, evaluar las acciones en el marco del cumplimiento del Decreto de Necesidad y Urgencia N\u00b0 334\/2021 que prev\u00e9 la suspensi\u00f3n de las clases presenciales en zonas de alto riesgo y alarma epidemiol\u00f3gica e intercambiar perspectivas acerca del sistema bimodal vigente en el territorio nacional para garantizar la continuidad pedag\u00f3gica de las y los estudiantes.<\/p>\n\n\n\n<p>En el encuentro, Trotta reafirm\u00f3 la necesidad de seguir trabajando en base al consenso y el di\u00e1logo alineando las acciones:\u00a0<em>\u201cComo dijo nuestro Presidente, la gesti\u00f3n conjunta con todas las provincias es esencial para frenar la curva de contagios mientras robustecemos la vacunaci\u00f3n ya que el pa\u00eds no puede tener 24 estrategias distintas porque hay una sola pandemia. En este camino que estamos transitando, debemos analizar el d\u00eda a d\u00eda y, en el marco de la bimodalidad, sostener las clases a distancia\u201d<\/em>.<\/p>\n\n\n\n<p>Asimismo, sostuvo:&nbsp;<em>\u201cSeamos responsables en llevar tranquilidad y certeza a las familias porque asegurar que el 31 de mayo, el d\u00eda 10, volveremos a la presencialidad en regiones de gran complejidad sanitaria como el AMBA, es no tener en cuenta los indicadores epidemiol\u00f3gicos que exceden el campo educativo, depende del campo epidemiol\u00f3gico\u201d<\/em>.<\/p>\n\n\n\n<p>Con&nbsp;<strong>el objetivo de garantizar la continuidad pedag\u00f3gica de las y los estudiantes de todos los niveles y modalidades educativas<\/strong>, las ministras y los ministros de educaci\u00f3n detallaron la situaci\u00f3n epidemiol\u00f3gica en sus territorios y las acciones que se est\u00e1n llevando adelante teniendo en cuenta factores previamente acordados en el Consejo Federal de Educaci\u00f3n: restringir la presencialidad s\u00f3lo en aquellas zonas que as\u00ed lo requieran, tomando las medidas en la m\u00ednima unidad geogr\u00e1fica posible, e instrumentar los medios necesarios para regresar a la presencialidad administrada y cuidada una vez que hayan mejorado los indicadores.<\/p>\n","protected":false},"excerpt":{"rendered":"<p>As\u00ed lo sostuvo el ministro de Educaci\u00f3n de la Naci\u00f3n en un encuentro virtual hoy con las y los titulares de las carteras educativas de las 24 jurisdicciones del pa\u00eds con el objetivo de garantizar el fortalecimiento de todas las instancias de no presencialidad en zonas de alto riesgo y alarma epidemiol\u00f3gica. Se evalu\u00f3 tambi\u00e9n la agenda de trabajo prevista para la semana pr\u00f3xima para planificar el regreso a la presencialidad donde la realidad lo permita.<\/p>\n","protected":false},"author":2,"featured_media":22189,"comment_status":"open","ping_status":"open","sticky":false,"template":"","format":"standard","meta":{"om_disable_all_campaigns":false,"_monsterinsights_skip_tracking":false,"_monsterinsights_sitenote_active":false,"_monsterinsights_sitenote_note":"","_monsterinsights_sitenote_category":0,"_uf_show_specific_survey":0,"_uf_disable_surveys":false,"jetpack_post_was_ever_published":false,"_jetpack_newsletter_access":"","_jetpack_dont_email_post_to_subs":false,"_jetpack_newsletter_tier_id":0,"_jetpack_memberships_contains_paywalled_content":false,"_jetpack_memberships_contains_paid_content":false,"footnotes":"","jetpack_publicize_message":"","jetpack_publicize_feature_enabled":true,"jetpack_social_post_already_shared":false,"jetpack_social_options":{"image_generator_settings":{"template":"highway","default_image_id":0,"font":"","enabled":false},"version":2}},"categories":[19],"tags":[],"class_list":["post-22188","post","type-post","status-publish","format-standard","has-post-thumbnail","hentry","category-educacion"],"aioseo_notices":[],"views":7,"jetpack_publicize_connections":[],"jetpack_featured_media_url":"https:\/\/i0.wp.com\/elterritorialweb.com.ar\/web\/wp-content\/uploads\/2021\/05\/TROTTA-CONVOCO-AL-DIALOGO-scaled.jpg?fit=2560%2C1707&ssl=1","jetpack_sharing_enabled":true,"_links":{"self":[{"href":"https:\/\/elterritorialweb.com.ar\/web\/wp-json\/wp\/v2\/posts\/22188","targetHints":{"allow":["GET"]}}],"collection":[{"href":"https:\/\/elterritorialweb.com.ar\/web\/wp-json\/wp\/v2\/posts"}],"about":[{"href":"https:\/\/elterritorialweb.com.ar\/web\/wp-json\/wp\/v2\/types\/post"}],"author":[{"embeddable":true,"href":"https:\/\/elterritorialweb.com.ar\/web\/wp-json\/wp\/v2\/users\/2"}],"replies":[{"embeddable":true,"href":"https:\/\/elterritorialweb.com.ar\/web\/wp-json\/wp\/v2\/comments?post=22188"}],"version-history":[{"count":1,"href":"https:\/\/elterritorialweb.com.ar\/web\/wp-json\/wp\/v2\/posts\/22188\/revisions"}],"predecessor-version":[{"id":22190,"href":"https:\/\/elterritorialweb.com.ar\/web\/wp-json\/wp\/v2\/posts\/22188\/revisions\/22190"}],"wp:featuredmedia":[{"embeddable":true,"href":"https:\/\/elterritorialweb.com.ar\/web\/wp-json\/wp\/v2\/media\/22189"}],"wp:attachment":[{"href":"https:\/\/elterritorialweb.com.ar\/web\/wp-json\/wp\/v2\/media?parent=22188"}],"wp:term":[{"taxonomy":"category","embeddable":true,"href":"https:\/\/elterritorialweb.com.ar\/web\/wp-json\/wp\/v2\/categories?post=22188"},{"taxonomy":"post_tag","embeddable":true,"href":"https:\/\/elterritorialweb.com.ar\/web\/wp-json\/wp\/v2\/tags?post=22188"}],"curies":[{"name":"wp","href":"https:\/\/api.w.org\/{rel}","templated":true}]}}