{"id":22196,"date":"2021-05-23T03:17:57","date_gmt":"2021-05-23T03:17:57","guid":{"rendered":"http:\/\/elterritorialweb.com.ar\/web\/?p=22196"},"modified":"2021-05-23T03:57:43","modified_gmt":"2021-05-23T03:57:43","slug":"luque-diego-estaba-cansado-de-todo","status":"publish","type":"post","link":"https:\/\/elterritorialweb.com.ar\/web\/luque-diego-estaba-cansado-de-todo\/","title":{"rendered":"LUQUE EN LA NOCHE DE MIRTA: \u00abDIEGO ESTABA CANSADO DE TODO\u00bb"},"content":{"rendered":"\n<p><strong>Leopoldo Luque<\/strong>, el neurocirujano que atendi\u00f3 a&nbsp;<strong>Diego Maradona<\/strong>, dio su versi\u00f3n de los hechos en<strong>&nbsp;La noche de Mirtha<\/strong>.&nbsp;<\/p>\n\n\n\n<p>\u201cEs dif\u00edcil. Uno trata de entender porque cambi\u00f3 la car\u00e1tula. Pero no la encuentro. Pensar que es una etapa de acusaci\u00f3n me calma la ansiedad\u201d, sostuvo&nbsp;<strong>Leopoldo Luque<\/strong>.<\/p>\n\n\n\n<p id=\"sc_ending_message\">\u201cYo no siento la condena social. Era el m\u00e9dico de confianza de Diego (Maradona). La cl\u00ednica pidi\u00f3 la externaci\u00f3n. Diego ven\u00eda estando mal, con sus problemas de adicci\u00f3n. Pero siempre se repon\u00eda\u201d, remarc\u00f3 el doctor.&nbsp;<\/p>\n\n\n\n<figure class=\"wp-block-image size-large\"><a href=\"https:\/\/i0.wp.com\/elterritorialweb.com.ar\/web\/wp-content\/uploads\/2021\/05\/2021-05-23-2.png\"><img data-recalc-dims=\"1\" decoding=\"async\" width=\"581\" height=\"327\" data-src=\"https:\/\/i0.wp.com\/elterritorialweb.com.ar\/web\/wp-content\/uploads\/2021\/05\/2021-05-23-2.png?resize=581%2C327\" alt=\"\" class=\"wp-image-22204 lazyload\" data-srcset=\"https:\/\/i0.wp.com\/elterritorialweb.com.ar\/web\/wp-content\/uploads\/2021\/05\/2021-05-23-2.png?w=581&amp;ssl=1 581w, https:\/\/i0.wp.com\/elterritorialweb.com.ar\/web\/wp-content\/uploads\/2021\/05\/2021-05-23-2.png?resize=300%2C169&amp;ssl=1 300w\" data-sizes=\"(max-width: 581px) 100vw, 581px\" src=\"data:image\/svg+xml;base64,PHN2ZyB3aWR0aD0iMSIgaGVpZ2h0PSIxIiB4bWxucz0iaHR0cDovL3d3dy53My5vcmcvMjAwMC9zdmciPjwvc3ZnPg==\" style=\"--smush-placeholder-width: 581px; --smush-placeholder-aspect-ratio: 581\/327;\" \/><\/a><\/figure>\n\n\n\n<p>\u201c<strong>Diego&nbsp;<\/strong>ten\u00eda algo dif\u00edcil cuando no quer\u00eda ver a alguien. Hasta que lo convenc\u00ed. Y ante los hematomas que ten\u00eda en la cabeza, si bien otros m\u00e9dicos ten\u00edan otra opini\u00f3n, en la Cl\u00ednica de Olivos todos estaban de acuerdo conmigo y decidimos operarlo\u201d, relat\u00f3.<\/p>\n\n\n\n<p>\u201cDiego me dijo que si se mor\u00eda era su problema.&nbsp;<strong>Diego&nbsp;<\/strong>hizo muchas cosas sin consultarme. Con la cuarentena&nbsp;<strong>Diego&nbsp;<\/strong>sinti\u00f3 bastante tristeza\u201d, cont\u00f3&nbsp;<strong>Luque<\/strong>.<\/p>\n","protected":false},"excerpt":{"rendered":"<p>Tras haber sido imputado en la causa que investiga la muerte de Diego Maradona, su m\u00e9dico, Leopoldo Luque, decidi\u00f3 romper el silencio y comenz\u00f3 un derrotero por los programas de televisi\u00f3n que, este s\u00e1bado, lo llev\u00f3 a La Noche de Mirtha Legrand, el ciclo que, desde que se declar\u00f3 la pandemia de coronavirus, conduce la nieta de la diva, Juana Viale.<\/p>\n","protected":false},"author":2,"featured_media":22213,"comment_status":"open","ping_status":"open","sticky":false,"template":"","format":"standard","meta":{"om_disable_all_campaigns":false,"_monsterinsights_skip_tracking":false,"_monsterinsights_sitenote_active":false,"_monsterinsights_sitenote_note":"","_monsterinsights_sitenote_category":0,"_uf_show_specific_survey":0,"_uf_disable_surveys":false,"jetpack_post_was_ever_published":false,"_jetpack_newsletter_access":"","_jetpack_dont_email_post_to_subs":false,"_jetpack_newsletter_tier_id":0,"_jetpack_memberships_contains_paywalled_content":false,"_jetpack_memberships_contains_paid_content":false,"footnotes":"","jetpack_publicize_message":"","jetpack_publicize_feature_enabled":true,"jetpack_social_post_already_shared":false,"jetpack_social_options":{"image_generator_settings":{"template":"highway","default_image_id":0,"font":"","enabled":false},"version":2}},"categories":[20],"tags":[],"class_list":["post-22196","post","type-post","status-publish","format-standard","has-post-thumbnail","hentry","category-especysociales"],"aioseo_notices":[],"views":6,"jetpack_publicize_connections":[],"jetpack_featured_media_url":"https:\/\/i0.wp.com\/elterritorialweb.com.ar\/web\/wp-content\/uploads\/2021\/05\/2021-05-22-2.png?fit=600%2C337&ssl=1","jetpack_sharing_enabled":true,"_links":{"self":[{"href":"https:\/\/elterritorialweb.com.ar\/web\/wp-json\/wp\/v2\/posts\/22196","targetHints":{"allow":["GET"]}}],"collection":[{"href":"https:\/\/elterritorialweb.com.ar\/web\/wp-json\/wp\/v2\/posts"}],"about":[{"href":"https:\/\/elterritorialweb.com.ar\/web\/wp-json\/wp\/v2\/types\/post"}],"author":[{"embeddable":true,"href":"https:\/\/elterritorialweb.com.ar\/web\/wp-json\/wp\/v2\/users\/2"}],"replies":[{"embeddable":true,"href":"https:\/\/elterritorialweb.com.ar\/web\/wp-json\/wp\/v2\/comments?post=22196"}],"version-history":[{"count":4,"href":"https:\/\/elterritorialweb.com.ar\/web\/wp-json\/wp\/v2\/posts\/22196\/revisions"}],"predecessor-version":[{"id":22215,"href":"https:\/\/elterritorialweb.com.ar\/web\/wp-json\/wp\/v2\/posts\/22196\/revisions\/22215"}],"wp:featuredmedia":[{"embeddable":true,"href":"https:\/\/elterritorialweb.com.ar\/web\/wp-json\/wp\/v2\/media\/22213"}],"wp:attachment":[{"href":"https:\/\/elterritorialweb.com.ar\/web\/wp-json\/wp\/v2\/media?parent=22196"}],"wp:term":[{"taxonomy":"category","embeddable":true,"href":"https:\/\/elterritorialweb.com.ar\/web\/wp-json\/wp\/v2\/categories?post=22196"},{"taxonomy":"post_tag","embeddable":true,"href":"https:\/\/elterritorialweb.com.ar\/web\/wp-json\/wp\/v2\/tags?post=22196"}],"curies":[{"name":"wp","href":"https:\/\/api.w.org\/{rel}","templated":true}]}}