{"id":22242,"date":"2021-05-24T03:21:00","date_gmt":"2021-05-24T03:21:00","guid":{"rendered":"http:\/\/elterritorialweb.com.ar\/web\/?p=22242"},"modified":"2021-05-24T03:27:11","modified_gmt":"2021-05-24T03:27:11","slug":"coronavirus-en-santiago-se-confirmaron-272-casos-positivos-en-la-provincia","status":"publish","type":"post","link":"https:\/\/elterritorialweb.com.ar\/web\/coronavirus-en-santiago-se-confirmaron-272-casos-positivos-en-la-provincia\/","title":{"rendered":"CORONAVIRUS EN SANTIAGO: SE CONFIRMARON 272 CASOS POSITIVOS EN LA PROVINCIA"},"content":{"rendered":"\n<p>Se recuperaron ciento noventa y uno (191) casos el d\u00eda de hoy, por lo que son veintinueve mil setecientos veinticinco (29.725) los casos recuperados en la provincia<\/p>\n\n\n\n<p><strong>Se notific\u00f3 el fallecimiento de 10 personas por COVID 19. Un hombre de 71 a\u00f1os con antecedentes de hipertensi\u00f3n y obesidad y una mujer de 42 a\u00f1os con obesidad, ambos del Dpto Banda internados en un sanatorio privado. Un hombre de 34 a\u00f1os con antecedentes de obesidad del Dpto Banda y una mujer de 57 a\u00f1os con antecedentes de diabetes y obesidad del Dpto Rivadavia, ambos internados en el CISB. Un hombre de 66 a\u00f1os con diabetes del Dpto. San Mart\u00edn y un hombre de 72 a\u00f1os de Capital, ambos internados en el Hospital Independencia. Una mujer de 65 a\u00f1os con antecedentes de diabetes e insuficiencia renal que estaba internada en el CISB, una mujer de 91 a\u00f1os que estaba internada en un sanatorio de R\u00edo Hondo y un hombre de 71 a\u00f1os, internado en un sanatorio privado de la Ciudad Capital, ambos del Dpto. R\u00edo Hondo. Un hombre de 56 a\u00f1os con antecedentes de diabetes que estaba internado en un sanatorio privado.<\/strong><\/p>\n\n\n\n<p>&#x1f4cd; Hay un total de cuatrocientos doce (412) personas positivas fallecidas en la provincia<\/p>\n\n\n\n<p>&#x1f4cd; Se procesaron un total de setecientos treinta y cinco (735) muestras el d\u00eda de hoy.<\/p>\n\n\n\n<p><strong>Se confirmaron doscientos setenta y dos (272) casos, Santiago Banda (74) e interior de la provincia (198) distribuidos de la siguiente manera: Antaje 1; A\u00f1atuya 1; Arraga 3; Campo Gallo 1; Choya 1; Clodomira 13; Colonia Maria Elena 1; Colonia Tinco 1; El Mojon 1; El Bobadal 4; Estacion Simbolar 1; Fernandez 1; Forres 2; Frias 23; Garza 5; Guampacha 5; Herrera 1; Ica\u00f1o 2; Km 49 2; La Ca\u00f1ada 3; Laprida 1; Las Hermanas 1; Lavalle 1; Llajta Mauca 1; Los Pereyra 1; Los Pirpintos 4; Maquito 3; Monte Quemado 1; Nueva Esperanza 3; Nueva Francia 1; Pampa Mayo 1; Puesto del Medio 1; Puesto Los Marcos 1; Rapelli 4; San Pedro de Guasayan 6; Santa Maria 6; Simbol 2; Sumampa 1; Termas 21; Tintina 6; Villa Figueroa 1; Villa Guasayan 21; Villa La Punta 4; Villa Mailin 1; Villa Ojo de Agua 32; Villa Robles 1<\/strong><\/p>\n\n\n\n<p>Permanecen activos diez mil doscientos noventa (10.290) casos en la provincia.<\/p>\n\n\n\n<p>El total de casos positivos acumulados es de cuarenta mil trescientos sesenta y uno (40.361)<\/p>\n\n\n\n<p>Se descartaron cuatrocientos sesenta y tres (463) casos el d\u00eda de hoy, por lo que hay ciento treinta y siete mil ciento tres (137.103) casos descartados a la fecha.<\/p>\n\n\n\n<p>Importante: La diferencia de casos acumulados, y difundidos en el reporte nacional, obedece a diferentes horarios de carga y a santiague\u00f1os que residen en otras provincias pero que no tienen realizado el cambio de domicilio legal en su DNI. Se ha solicitado el correspondiente pedido de reclasificaci\u00f3n de los casos excedentes cargados para nuestra provincia.<\/p>\n\n\n\n<p>RECOMENDACIONES<div><div><span style=\"font-size: inherit;\"> Se recuerda que TODAS las personas que son contacto estrecho de casos positivos que DEBEN realizar un AISLAMIENTO SANITARIO OBLIGATORIO de 14 d\u00edas, aunque no presenten s\u00edntomas e independientemente si fueron hisopados y su resultado fue no detectable (negativo).<\/span><\/div><\/div><\/p>\n\n\n\n<p>Durante el aislamiento sanitario las personas no pueden salir de su hogar ni recibir visitas y deben cumplir con las medidas de prevenci\u00f3n indicadas por las autoridades sanitarias.<\/p>\n\n\n\n<p>Ante la presencia de fiebre mayor o igual a 37,5\u00b0 y s\u00edntomas respiratorios como tos, dolor de garganta, dificultad para respirar, adem\u00e1s de falta de gusto y olfato de reciente aparici\u00f3n, y tambi\u00e9n cefalea, diarrea y\/o v\u00f3mitos o al haber estado en contacto con un caso confirmado, se insta a la poblaci\u00f3n a que haga un contacto de inmediato con el sistema de salud contact\u00e1ndose con su centro de salud m\u00e1s cercano o comunic\u00e1ndose al 107 y evite el contacto social<\/p>\n\n\n\n<p>Tambi\u00e9n se recuerda que se realiza el hisopado a los contactos estrechos de casos positivos que presenten s\u00edntomas o que tengan factores de riesgo (mayores de 60 a\u00f1os, embarazadas, inmunocomprometidos, enfermos oncol\u00f3gicos o dializados)<\/p>\n\n\n\n<p>Recordemos continuar respetando las medidas de distancia f\u00edsica y lavarnos frecuentemente las manos con agua y jab\u00f3n. Si necesitamos salir usemos el barbijo correctamente sin tocarlo ni tocarnos la cara.<\/p>\n\n\n\n<p>Respetar todos los protocolos vigentes y las actividades permitidas, y no realizar reuniones sociales o familiares evitando contacto estrecho con personas que no sean convivientes.<\/p>\n","protected":false},"excerpt":{"rendered":"<p>Informe del Ministerio de Salud de la provincia de Santiago del Estero.<\/p>\n","protected":false},"author":2,"featured_media":18357,"comment_status":"open","ping_status":"open","sticky":false,"template":"","format":"standard","meta":{"om_disable_all_campaigns":false,"_monsterinsights_skip_tracking":false,"_monsterinsights_sitenote_active":false,"_monsterinsights_sitenote_note":"","_monsterinsights_sitenote_category":0,"_uf_show_specific_survey":0,"_uf_disable_surveys":false,"jetpack_post_was_ever_published":false,"_jetpack_newsletter_access":"","_jetpack_dont_email_post_to_subs":false,"_jetpack_newsletter_tier_id":0,"_jetpack_memberships_contains_paywalled_content":false,"_jetpack_memberships_contains_paid_content":false,"footnotes":"","jetpack_publicize_message":"","jetpack_publicize_feature_enabled":true,"jetpack_social_post_already_shared":false,"jetpack_social_options":{"image_generator_settings":{"template":"highway","default_image_id":0,"font":"","enabled":false},"version":2}},"categories":[3],"tags":[],"class_list":["post-22242","post","type-post","status-publish","format-standard","has-post-thumbnail","hentry","category-salud"],"aioseo_notices":[],"views":4,"jetpack_publicize_connections":[],"jetpack_featured_media_url":"https:\/\/i0.wp.com\/elterritorialweb.com.ar\/web\/wp-content\/uploads\/2021\/03\/REPORTE-DIARIO-12-DE-MARZO-1.jpg?fit=960%2C1280&ssl=1","jetpack_sharing_enabled":true,"_links":{"self":[{"href":"https:\/\/elterritorialweb.com.ar\/web\/wp-json\/wp\/v2\/posts\/22242","targetHints":{"allow":["GET"]}}],"collection":[{"href":"https:\/\/elterritorialweb.com.ar\/web\/wp-json\/wp\/v2\/posts"}],"about":[{"href":"https:\/\/elterritorialweb.com.ar\/web\/wp-json\/wp\/v2\/types\/post"}],"author":[{"embeddable":true,"href":"https:\/\/elterritorialweb.com.ar\/web\/wp-json\/wp\/v2\/users\/2"}],"replies":[{"embeddable":true,"href":"https:\/\/elterritorialweb.com.ar\/web\/wp-json\/wp\/v2\/comments?post=22242"}],"version-history":[{"count":1,"href":"https:\/\/elterritorialweb.com.ar\/web\/wp-json\/wp\/v2\/posts\/22242\/revisions"}],"predecessor-version":[{"id":22243,"href":"https:\/\/elterritorialweb.com.ar\/web\/wp-json\/wp\/v2\/posts\/22242\/revisions\/22243"}],"wp:featuredmedia":[{"embeddable":true,"href":"https:\/\/elterritorialweb.com.ar\/web\/wp-json\/wp\/v2\/media\/18357"}],"wp:attachment":[{"href":"https:\/\/elterritorialweb.com.ar\/web\/wp-json\/wp\/v2\/media?parent=22242"}],"wp:term":[{"taxonomy":"category","embeddable":true,"href":"https:\/\/elterritorialweb.com.ar\/web\/wp-json\/wp\/v2\/categories?post=22242"},{"taxonomy":"post_tag","embeddable":true,"href":"https:\/\/elterritorialweb.com.ar\/web\/wp-json\/wp\/v2\/tags?post=22242"}],"curies":[{"name":"wp","href":"https:\/\/api.w.org\/{rel}","templated":true}]}}