{"id":2226,"date":"2020-03-14T21:17:30","date_gmt":"2020-03-14T21:17:30","guid":{"rendered":"http:\/\/elterritorialweb.com.ar\/web\/?p=2226"},"modified":"2020-03-14T21:17:30","modified_gmt":"2020-03-14T21:17:30","slug":"adhesion-de-la-municipalidad-de-frias-a-las-medidas-preventivas-por-el-dengue-y-coronavirus-dispuestas-por-la-provincia","status":"publish","type":"post","link":"https:\/\/elterritorialweb.com.ar\/web\/adhesion-de-la-municipalidad-de-frias-a-las-medidas-preventivas-por-el-dengue-y-coronavirus-dispuestas-por-la-provincia\/","title":{"rendered":"ADHESI\u00d3N  DE LA MUNICIPALIDAD DE FR\u00cdAS  A LAS MEDIDAS PREVENTIVAS POR EL DENGUE Y CORONAVIRUS DISPUESTAS POR LA PROVINCIA"},"content":{"rendered":"\n<p>El intendente Dr. Astor An\u00edbal Padula, en su car\u00e1cter de titular del Departamento Ejecutivo Municipal, adhiere las acciones preventivas dispuestas por la Polic\u00eda de la Provincia de Santiago del Estero, las cuales son de estricto cumplimiento en todo el territorio santiague\u00f1o.<\/p>\n\n\n\n<p>De acuerdo a la informaci\u00f3n policial suministrada, no se autoriza ning\u00fan tipo de eventos de concurrencia masiva. La medida alcanza a los locales bailables, campeonatos deportivos amateurs, etc. Las notificaciones ser\u00e1n entregadas por la fuerza de seguridad provincial.<\/p>\n\n\n\n<p>Todos los locales bailables permanecer\u00e1n cerrados por la medida que comenz\u00f3 a regir desde ayer viernes.<\/p>\n\n\n\n<p>Asimismo, la polic\u00eda informa que en los casos de fiestas o reuniones familiares, cumplea\u00f1os, casamiento, el organizador deber\u00e1 presentarse en el Departamento de Seguridad Ciudadana N* 7 dando a conocer el car\u00e1cter del evento y recibir la informaci\u00f3n de los requisitos necesarios que se necesitan para llevar a cabo el mismo.<\/p>\n\n\n\n<p>Adem\u00e1s, el escrito sostiene que de no dar estricto cumplimiento a la medida, ser\u00e1n responsabilizados los jefes de cada dependencia as\u00ed como tambi\u00e9n se adoptar\u00e1n las medidas correspondientes sobre los locales.<\/p>\n\n\n\n<p><strong>Acciones del Municipio de Fr\u00edas en relaci\u00f3n al Dengue y el Coronavirus<\/strong><\/p>\n\n\n\n<p>La Municipalidad de la Ciudad de Fr\u00edas informa a la comunidad con respecto a las enfermedades de Dengue y Coronavirus, se dispuso adoptar ind\u00e9nticas medidas que se tomaron hasta el momento a nivel provincial.<\/p>\n\n\n\n<p>Es por ello que el intendente Dr. Astor An\u00edbal Padula, siguiendo muy de cerca la evoluci\u00f3n de cada estas enfermedades ratific\u00f3 el trabajo que se viene realizando contra el mosquito transmisor del dengue: informaci\u00f3n, fumigaci\u00f3n, desmalezamiento y el trabajo de conscientizaci\u00f3n en todos los vecinos para la eliminaci\u00f3n del vector.<\/p>\n\n\n\n<p>En cuanto al Dengue se dispuso los mismos lineamientos del Ministerio de Salud de la Provincia donde se destaca la responsabilidad de todos los ciudadanos para la eliminaci\u00f3n de los criaderos de mosquitos, evitar acumular agua estancada, mantener limpios los patios y jardines, renovar el agua de floreros y bebederos y eliminar objetos en desuso que puedan acumular agua.<\/p>\n\n\n\n<p>Tambi\u00e9n se recuerda prevenir la picadura del mosquito usando siempre repelentes, proteger cunas y cochecitos de beb\u00e9s con telas mosquiteras y utilizar repelentes ambientales.<\/p>\n\n\n\n<p>Con respecto al Coronavirus, el municipio de la Ciudad de Fr\u00edas sigue el protocolo de la provincia teniendo en cuenta que en todo el territorio de Santiago del Estero se contin\u00faa en la fase de contenci\u00f3n, sin circulaci\u00f3n del virus.<\/p>\n\n\n\n<p>La principal medida de prevenci\u00f3n en esta fase es el aislamiento domiciliario obligatorio y preventivo durante 14 d\u00edas (a partir de la fecha llegada a nuestro pa\u00eds), de todas aquellas personas que regresen o hayan viajado en los \u00faltimos 14 d\u00edas a las zonas de alta circulaci\u00f3n viral del Coronavirus. Hasta el d\u00eda de la fecha, las zonas son: China; Jap\u00f3n; Corea del sur; Ir\u00e1n; Estados Unidos; Europa.<\/p>\n\n\n\n<p>En este sentido, se inst\u00f3 a la responsabilidad social de los viajeros que deben comunicar al Ministerio de Salud su llegada a la provincia llamar al Hospital Zonal o al Ministerio de Salud y cumplir con la disposici\u00f3n obligatoria de aislamiento ya que \u201ces la forma de minimizar los riesgos de trasmisi\u00f3n del virus en nuestra provincia y todos debemos colaborar en cumplirla\u201d.<\/p>\n\n\n\n<p>De acuerdo a los manifestado esta semana por el Subsecretario de Salud de la Provincia Dr. C\u00e9sar Monti \u00abLos viajeros recibir\u00e1n el seguimiento permanente del Ministerio de Salud quien brinda todas las instrucciones de c\u00f3mo deben manejarse\u00bb.<\/p>\n\n\n\n<p>El Subsecretario inform\u00f3 que: \u201chasta el momento 50 personas viajeras sanas se encuentran haciendo aislamiento preventivo en su domicilio, comunicados de forma permanente con el sistema de salud, de los cuales 7 ya culminaron su aislamiento. Ninguna de ellos present\u00f3 s\u00edntomas a la fecha.\u201d<br>Adem\u00e1s aclar\u00f3 que seg\u00fan el protocolo, no se recomienda ni es necesario el aislamiento domiciliario de los convivientes de personas que hayan viajado a dichas zonas y est\u00e9n sanas y no hayan viajado. Si se recomienda para todos los convivientes cumplir estrictamente las medidas de prevenci\u00f3n comunes a todas las enfermedades respiratorias: lavarse las manos con jab\u00f3n regularmente, estornudar en el pliegue del codo, no llevar las manos a los ojos y la nariz, ventilar los ambientes, desinfect\u00e1 los objetos que usamos s con frecuencia<br>Adem\u00e1s explic\u00f3 que \u201csi se presentaran s\u00edntomas respiratorios y Fiebre de 38 C o m\u00e1s, y dolor de garganta, tos seca o dificultad respiratoria, el sistema de salud activa un protocolo para caso sospechoso y se realizan todas las medidas necesarias para su tratamiento\u201d.<br>En algunos casos se puede provocar una dificultad respiratoria m\u00e1s severa y neumon\u00eda, requiriendo hospitalizaci\u00f3n y \u201cestamos preparados para esta contingencia\u201d, culmin\u00f3.<br>El coronavirus puede afectar a cualquier persona, principalmente a adultos mayores de 65 a\u00f1os y personas con afecciones preexistentes (como hipertensi\u00f3n arterial, diabetes, etc.).<\/p>\n\n\n\n<p>La Municipalidad de la Ciudad de Fr\u00edas destaca el trabajo interinstitucional con el Hospital Zonal e informa a la comunidad que existe en este momento y habr\u00e1 en el futuro un trabajo permanente de seguimiento y de acciones para contrarrestar el Dengue y el Coronavirus.<\/p>\n","protected":false},"excerpt":{"rendered":"<p>Todos los locales bailables permanecer\u00e1n cerrados por la medida que comenz\u00f3 a regir desde ayer viernes.<\/p>\n","protected":false},"author":2,"featured_media":2227,"comment_status":"open","ping_status":"open","sticky":false,"template":"","format":"standard","meta":{"om_disable_all_campaigns":false,"_monsterinsights_skip_tracking":false,"_monsterinsights_sitenote_active":false,"_monsterinsights_sitenote_note":"","_monsterinsights_sitenote_category":0,"_uf_show_specific_survey":0,"_uf_disable_surveys":false,"jetpack_post_was_ever_published":false,"_jetpack_newsletter_access":"","_jetpack_dont_email_post_to_subs":false,"_jetpack_newsletter_tier_id":0,"_jetpack_memberships_contains_paywalled_content":false,"_jetpack_memberships_contains_paid_content":false,"footnotes":"","jetpack_publicize_message":"","jetpack_publicize_feature_enabled":true,"jetpack_social_post_already_shared":false,"jetpack_social_options":{"image_generator_settings":{"template":"highway","default_image_id":0,"font":"","enabled":false},"version":2}},"categories":[21],"tags":[],"class_list":["post-2226","post","type-post","status-publish","format-standard","has-post-thumbnail","hentry","category-locales"],"aioseo_notices":[],"views":4,"jetpack_publicize_connections":[],"jetpack_featured_media_url":"https:\/\/i0.wp.com\/elterritorialweb.com.ar\/web\/wp-content\/uploads\/2020\/03\/padula.jpg?fit=757%2C636&ssl=1","jetpack_sharing_enabled":true,"_links":{"self":[{"href":"https:\/\/elterritorialweb.com.ar\/web\/wp-json\/wp\/v2\/posts\/2226","targetHints":{"allow":["GET"]}}],"collection":[{"href":"https:\/\/elterritorialweb.com.ar\/web\/wp-json\/wp\/v2\/posts"}],"about":[{"href":"https:\/\/elterritorialweb.com.ar\/web\/wp-json\/wp\/v2\/types\/post"}],"author":[{"embeddable":true,"href":"https:\/\/elterritorialweb.com.ar\/web\/wp-json\/wp\/v2\/users\/2"}],"replies":[{"embeddable":true,"href":"https:\/\/elterritorialweb.com.ar\/web\/wp-json\/wp\/v2\/comments?post=2226"}],"version-history":[{"count":1,"href":"https:\/\/elterritorialweb.com.ar\/web\/wp-json\/wp\/v2\/posts\/2226\/revisions"}],"predecessor-version":[{"id":2228,"href":"https:\/\/elterritorialweb.com.ar\/web\/wp-json\/wp\/v2\/posts\/2226\/revisions\/2228"}],"wp:featuredmedia":[{"embeddable":true,"href":"https:\/\/elterritorialweb.com.ar\/web\/wp-json\/wp\/v2\/media\/2227"}],"wp:attachment":[{"href":"https:\/\/elterritorialweb.com.ar\/web\/wp-json\/wp\/v2\/media?parent=2226"}],"wp:term":[{"taxonomy":"category","embeddable":true,"href":"https:\/\/elterritorialweb.com.ar\/web\/wp-json\/wp\/v2\/categories?post=2226"},{"taxonomy":"post_tag","embeddable":true,"href":"https:\/\/elterritorialweb.com.ar\/web\/wp-json\/wp\/v2\/tags?post=2226"}],"curies":[{"name":"wp","href":"https:\/\/api.w.org\/{rel}","templated":true}]}}