{"id":22272,"date":"2021-05-24T21:39:14","date_gmt":"2021-05-24T21:39:14","guid":{"rendered":"http:\/\/elterritorialweb.com.ar\/web\/?p=22272"},"modified":"2021-05-24T21:40:10","modified_gmt":"2021-05-24T21:40:10","slug":"cronograma-de-la-campana-de-vacunacion-covid-19-del-26-al-29-de-mayo","status":"publish","type":"post","link":"https:\/\/elterritorialweb.com.ar\/web\/cronograma-de-la-campana-de-vacunacion-covid-19-del-26-al-29-de-mayo\/","title":{"rendered":"CRONOGRAMA DE LA CAMPA\u00d1A DE VACUNACI\u00d3N COVID-19 DEL 26 AL 29 DE MAYO EN LA PROVINCIA"},"content":{"rendered":"\n<p>La cartera sanitaria informa que ya se pueden consultar los nuevos turnos de vacunaci\u00f3n para primera dosis de la vacuna contra COVID-19 destinado a personas con factores de riesgo 18 a 59 a\u00f1os registrados en VacunarSE hasta el 19 de mayo, residentes de Capital y La Banda.<\/p>\n\n\n\n<p>La vacunaci\u00f3n a este grupo se realizar\u00e1 en:<\/p>\n\n\n\n<p><strong>CIUDAD CAPITAL<\/strong>, los d\u00edas viernes 28 y s\u00e1bado 29 de mayo de 8:00 a 14:00 horas en los clubes Coronel Borges, Club Nicol\u00e1s Avellaneda, Club De Veteranos, Club Belgrano, Club Dorrego, Club Alte Brown Y Cic Campo Contreras.<\/p>\n\n\n\n<p><strong>En LA BANDA<\/strong>&nbsp;ser\u00e1 los d\u00edas mi\u00e9rcoles 26 y jueves 27 de mayo de 8:00 a 14:00 horas en los clubes Ciclista Ol\u00edmpico y Centro Recreativo. Los turnos ya pueden consultarse en&nbsp;<a href=\"https:\/\/vacunarse.sde.gob.ar\/\" target=\"_blank\" rel=\"noreferrer noopener\">https:\/\/vacunarse.sde.gob.ar\/<\/a>.<\/p>\n\n\n\n<p>En cuanto a las&nbsp;personas con obesidad&nbsp;como factor de riesgo, que no se registraron en VACUNARSE hasta el 19 de mayo, podr\u00e1n asistir a partir del mi\u00e9rcoles 26 de mayo a la UPA m\u00e1s cercana a su domicilio, al IPRI si residen en zona c\u00e9ntrica y a los hospitales m\u00e1s cercanos si residen en el interior, a registrarse y realizarse un control. En caso de presentar alg\u00fan grado de obesidad, el personal de salud les asignar\u00e1 un turno para la vacunaci\u00f3n contra COVID-19.<\/p>\n\n\n\n<p>Por otro lado, el jueves comenzar\u00e1 la vacunaci\u00f3n de&nbsp;docentes secundarios&nbsp;que ser\u00e1n notificados por las autoridades educativas.<\/p>\n\n\n\n<p>En el interior, continuar\u00e1 la vacunaci\u00f3n de adultos mayores con el siguiente cronograma:<\/p>\n\n\n\n<p><strong>DPTO. ALBERDI<\/strong> \u2013 26\/05 de 8 a 13 Hs. (2\u00b0 Dosis Mayores de 60 A\u00f1os)<br>Sal\u00f3n Comisi\u00f3n Municipal Santos Lugares<\/p>\n\n\n\n<p>DPTO. ALBERDI \u2013 26\/05 de 8 a 13 Hs. (2\u00b0 Dosis Mayores de 60 A\u00f1os)<br>Templete Huachana<\/p>\n\n\n\n<p><strong>DPTO. FIGUEROA<\/strong> \u2013 26\/05 de 9 a 14 Hs. (1\u00b0 Dosis Mayores de 60 A\u00f1os)<br>Escuela N\u00b0 568 Totorilla Monte Redondo<\/p>\n\n\n\n<p><strong>DPTO.AVELLANEDA<\/strong> \u2013 26\/05 de 9.30 a 14.30 Hs (1\u00b0 Dosis Mayores de 60 A\u00f1os)<br>Sal\u00f3n Comisi\u00f3n Municipal Punta Pozo<\/p>\n\n\n\n<p><strong>DPTO. SAN MARTIN<\/strong> \u2013 27\/05 de 8 a 13 Hs.<\/p>\n\n\n\n<p>Brea Pozo (2\u00b0 Dosis Mayores de 60 A\u00f1os)<\/p>\n\n\n\n<p><strong>DPTO. LORETO<\/strong> \u2013 28\/05 de 8 a 13 Hs. (1\u00b0 Dosis Mayores de 60 A\u00f1os)<br>Sal\u00f3n Municipal Villa Nueva (Villa Nueva y Villa Vieja)<\/p>\n\n\n\n<p><strong>DPTO. AVELLANEDA<\/strong> \u2013 28\/05 de 8 a 13 Hs. (1\u00b0 Dosis Mayores de 60 A\u00f1os)<br>Escuela Primaria San Antonio \u2013 San Antonio de Copo<\/p>\n","protected":false},"excerpt":{"rendered":"<p>EL Ministerio de Salud inform\u00f3 el cronograma de vacunaci\u00f3n de personas con factores de riesgo de 18 a 59 a\u00f1os con factores de riesgo en Capital y Banda, docentes secundarios y adultos mayores en el interior de la provincia del 26 al 29 de mayo<\/p>\n","protected":false},"author":2,"featured_media":17709,"comment_status":"open","ping_status":"open","sticky":false,"template":"","format":"standard","meta":{"om_disable_all_campaigns":false,"_monsterinsights_skip_tracking":false,"_monsterinsights_sitenote_active":false,"_monsterinsights_sitenote_note":"","_monsterinsights_sitenote_category":0,"_uf_show_specific_survey":0,"_uf_disable_surveys":false,"jetpack_post_was_ever_published":false,"_jetpack_newsletter_access":"","_jetpack_dont_email_post_to_subs":false,"_jetpack_newsletter_tier_id":0,"_jetpack_memberships_contains_paywalled_content":false,"_jetpack_memberships_contains_paid_content":false,"footnotes":"","jetpack_publicize_message":"","jetpack_publicize_feature_enabled":true,"jetpack_social_post_already_shared":false,"jetpack_social_options":{"image_generator_settings":{"template":"highway","default_image_id":0,"font":"","enabled":false},"version":2}},"categories":[3],"tags":[],"class_list":["post-22272","post","type-post","status-publish","format-standard","has-post-thumbnail","hentry","category-salud"],"aioseo_notices":[],"views":2,"jetpack_publicize_connections":[],"jetpack_featured_media_url":"https:\/\/i0.wp.com\/elterritorialweb.com.ar\/web\/wp-content\/uploads\/2021\/03\/VACUNACION-A-DOCENTES.jpg?fit=1080%2C704&ssl=1","jetpack_sharing_enabled":true,"_links":{"self":[{"href":"https:\/\/elterritorialweb.com.ar\/web\/wp-json\/wp\/v2\/posts\/22272","targetHints":{"allow":["GET"]}}],"collection":[{"href":"https:\/\/elterritorialweb.com.ar\/web\/wp-json\/wp\/v2\/posts"}],"about":[{"href":"https:\/\/elterritorialweb.com.ar\/web\/wp-json\/wp\/v2\/types\/post"}],"author":[{"embeddable":true,"href":"https:\/\/elterritorialweb.com.ar\/web\/wp-json\/wp\/v2\/users\/2"}],"replies":[{"embeddable":true,"href":"https:\/\/elterritorialweb.com.ar\/web\/wp-json\/wp\/v2\/comments?post=22272"}],"version-history":[{"count":2,"href":"https:\/\/elterritorialweb.com.ar\/web\/wp-json\/wp\/v2\/posts\/22272\/revisions"}],"predecessor-version":[{"id":22274,"href":"https:\/\/elterritorialweb.com.ar\/web\/wp-json\/wp\/v2\/posts\/22272\/revisions\/22274"}],"wp:featuredmedia":[{"embeddable":true,"href":"https:\/\/elterritorialweb.com.ar\/web\/wp-json\/wp\/v2\/media\/17709"}],"wp:attachment":[{"href":"https:\/\/elterritorialweb.com.ar\/web\/wp-json\/wp\/v2\/media?parent=22272"}],"wp:term":[{"taxonomy":"category","embeddable":true,"href":"https:\/\/elterritorialweb.com.ar\/web\/wp-json\/wp\/v2\/categories?post=22272"},{"taxonomy":"post_tag","embeddable":true,"href":"https:\/\/elterritorialweb.com.ar\/web\/wp-json\/wp\/v2\/tags?post=22272"}],"curies":[{"name":"wp","href":"https:\/\/api.w.org\/{rel}","templated":true}]}}