{"id":2229,"date":"2020-03-14T21:23:20","date_gmt":"2020-03-14T21:23:20","guid":{"rendered":"http:\/\/elterritorialweb.com.ar\/web\/?p=2229"},"modified":"2020-03-14T21:23:20","modified_gmt":"2020-03-14T21:23:20","slug":"continua-el-operativo-integral-de-obras-y-servicios-publicos","status":"publish","type":"post","link":"https:\/\/elterritorialweb.com.ar\/web\/continua-el-operativo-integral-de-obras-y-servicios-publicos\/","title":{"rendered":"CONTINUA EL OPERATIVO INTEGRAL DE OBRAS Y SERVICIOS P\u00daBLICOS"},"content":{"rendered":"\n<p>FR\u00cdAS<\/p>\n\n\n\n<p>La Municipalidad de la Ciudad de Fr\u00edas continu\u00f3 trabajando durante toda la semana en el Operativo Integral de Servicios P\u00fablicos en el Barrio Sumampa.<\/p>\n\n\n\n<p>Desde el d\u00eda lunes \u00faltimo pasado hasta este viernes se realiz\u00f3 un intenso trabajo de colaci\u00f3n de base estabilizadora en diversas calles del barrio, otorgando a estas arterias mayor seguridad en el tr\u00e1nsito y mejores condiciones del piso por su nivelaci\u00f3n.<\/p>\n\n\n\n<figure class=\"wp-block-image size-large\"><img data-recalc-dims=\"1\" decoding=\"async\" width=\"540\" height=\"960\" data-src=\"https:\/\/i0.wp.com\/elterritorialweb.com.ar\/web\/wp-content\/uploads\/2020\/03\/PADULA-2.jpg?resize=540%2C960\" alt=\"\" class=\"wp-image-2231 lazyload\" data-srcset=\"https:\/\/i0.wp.com\/elterritorialweb.com.ar\/web\/wp-content\/uploads\/2020\/03\/PADULA-2.jpg?w=540&amp;ssl=1 540w, https:\/\/i0.wp.com\/elterritorialweb.com.ar\/web\/wp-content\/uploads\/2020\/03\/PADULA-2.jpg?resize=169%2C300&amp;ssl=1 169w\" data-sizes=\"(max-width: 540px) 100vw, 540px\" src=\"data:image\/svg+xml;base64,PHN2ZyB3aWR0aD0iMSIgaGVpZ2h0PSIxIiB4bWxucz0iaHR0cDovL3d3dy53My5vcmcvMjAwMC9zdmciPjwvc3ZnPg==\" style=\"--smush-placeholder-width: 540px; --smush-placeholder-aspect-ratio: 540\/960;\" \/><\/figure>\n\n\n\n<p>De igual manera de continuar\u00e1n llevando a cabo las tareas de renovaci\u00f3n y reposici\u00f3n de luminarias, desmalezamiento y limpieza de calles hasta completar el trabajo previsto en todo el barrio Sumampa de la Ciudad de Fr\u00edas, tareas ejecutadas de acuerdo a lo planificado y a los requerimientos de los mismos vecinos.<\/p>\n","protected":false},"excerpt":{"rendered":"<p>FR\u00cdAS La Municipalidad de la Ciudad de Fr\u00edas continu\u00f3 trabajando durante toda la semana en&#8230;<\/p>\n","protected":false},"author":2,"featured_media":2230,"comment_status":"open","ping_status":"open","sticky":false,"template":"","format":"standard","meta":{"om_disable_all_campaigns":false,"_monsterinsights_skip_tracking":false,"_monsterinsights_sitenote_active":false,"_monsterinsights_sitenote_note":"","_monsterinsights_sitenote_category":0,"_uf_show_specific_survey":0,"_uf_disable_surveys":false,"jetpack_post_was_ever_published":false,"_jetpack_newsletter_access":"","_jetpack_dont_email_post_to_subs":false,"_jetpack_newsletter_tier_id":0,"_jetpack_memberships_contains_paywalled_content":false,"_jetpack_memberships_contains_paid_content":false,"footnotes":"","jetpack_publicize_message":"","jetpack_publicize_feature_enabled":true,"jetpack_social_post_already_shared":false,"jetpack_social_options":{"image_generator_settings":{"template":"highway","default_image_id":0,"font":"","enabled":false},"version":2}},"categories":[21],"tags":[],"class_list":["post-2229","post","type-post","status-publish","format-standard","has-post-thumbnail","hentry","category-locales"],"aioseo_notices":[],"views":4,"jetpack_publicize_connections":[],"jetpack_featured_media_url":"https:\/\/i0.wp.com\/elterritorialweb.com.ar\/web\/wp-content\/uploads\/2020\/03\/PADULA-1.jpg?fit=541%2C960&ssl=1","jetpack_sharing_enabled":true,"_links":{"self":[{"href":"https:\/\/elterritorialweb.com.ar\/web\/wp-json\/wp\/v2\/posts\/2229","targetHints":{"allow":["GET"]}}],"collection":[{"href":"https:\/\/elterritorialweb.com.ar\/web\/wp-json\/wp\/v2\/posts"}],"about":[{"href":"https:\/\/elterritorialweb.com.ar\/web\/wp-json\/wp\/v2\/types\/post"}],"author":[{"embeddable":true,"href":"https:\/\/elterritorialweb.com.ar\/web\/wp-json\/wp\/v2\/users\/2"}],"replies":[{"embeddable":true,"href":"https:\/\/elterritorialweb.com.ar\/web\/wp-json\/wp\/v2\/comments?post=2229"}],"version-history":[{"count":1,"href":"https:\/\/elterritorialweb.com.ar\/web\/wp-json\/wp\/v2\/posts\/2229\/revisions"}],"predecessor-version":[{"id":2232,"href":"https:\/\/elterritorialweb.com.ar\/web\/wp-json\/wp\/v2\/posts\/2229\/revisions\/2232"}],"wp:featuredmedia":[{"embeddable":true,"href":"https:\/\/elterritorialweb.com.ar\/web\/wp-json\/wp\/v2\/media\/2230"}],"wp:attachment":[{"href":"https:\/\/elterritorialweb.com.ar\/web\/wp-json\/wp\/v2\/media?parent=2229"}],"wp:term":[{"taxonomy":"category","embeddable":true,"href":"https:\/\/elterritorialweb.com.ar\/web\/wp-json\/wp\/v2\/categories?post=2229"},{"taxonomy":"post_tag","embeddable":true,"href":"https:\/\/elterritorialweb.com.ar\/web\/wp-json\/wp\/v2\/tags?post=2229"}],"curies":[{"name":"wp","href":"https:\/\/api.w.org\/{rel}","templated":true}]}}