{"id":22312,"date":"2021-05-25T19:07:59","date_gmt":"2021-05-25T19:07:59","guid":{"rendered":"http:\/\/elterritorialweb.com.ar\/web\/?p=22312"},"modified":"2021-05-25T19:08:01","modified_gmt":"2021-05-25T19:08:01","slug":"el-presidente-anuncio-nuevos-envios-de-vacunas-desde-mexico-y-afirmo-nos-hace-sentir-mas-independientes","status":"publish","type":"post","link":"https:\/\/elterritorialweb.com.ar\/web\/el-presidente-anuncio-nuevos-envios-de-vacunas-desde-mexico-y-afirmo-nos-hace-sentir-mas-independientes\/","title":{"rendered":"EL PRESIDENTE ANUNCI\u00d3 NUEVOS ENV\u00cdOS DE VACUNAS DESDE M\u00c9XICO Y AFIRM\u00d3: \u00abNOS HACE SENTIR M\u00c1S INDEPENDIENTES\u00bb"},"content":{"rendered":"\n<p>\u201cIndependencia quiere decir poder valerse por s\u00ed mismos, no depender de otros y poder ser art\u00edfices de nuestro futuro, y siento que con este anuncio estamos siendo m\u00e1s independientes M\u00e9xico, la Argentina y Am\u00e9rica latina\u201d, asegur\u00f3 el mandatario al conmemorarse el 211 aniversario de la Revoluci\u00f3n de Mayo.<\/p>\n\n\n\n<p>Adem\u00e1s, destac\u00f3 que este nuevo avance en el acuerdo al que llegaron M\u00e9xico y la Argentina, con el apoyo de la Fundaci\u00f3n Carlos Slim, para producir vacunas en forma conjunta \u201cva a permitir que mexicanos y argentinos, que se unieron con esfuerzo y el trabajo conjunto, puedan tener vacunas, para mexicanos y argentinos, pero tambi\u00e9n para todos nuestros hermanos latinoamericano\u201d.<\/p>\n\n\n\n<p>\u201cEs el esfuerzo de nuestros cient\u00edficos, de nuestros trabajadores argentinos y mexicanos lo que permite que hoy podamos estar anunciando esto que yo recibo con mucha alegr\u00eda, porque es nuestra independencia, es la independencia de poder tener nuestras vacunas\u201d, remarc\u00f3 el Presidente.<\/p>\n\n\n\n<p>Tambi\u00e9n consider\u00f3 que el trabajo conjunto entre ambas naciones muestra a \u201cdos pueblos hermanados, el m\u00e1s norte\u00f1o de Am\u00e9rica latina y el m\u00e1s sure\u00f1o de Am\u00e9rica latina hermanados por dos gobiernos que valoran la \u00e9tica, la honestidad y la gesti\u00f3n p\u00fablica del mismo modo y que se comprometen con los que m\u00e1s necesitan de cada uno de sus pueblos del mismo modo\u201d.<\/p>\n\n\n\n<p>\u201cAm\u00e9rica latina unida es invencible, es capaz de generar las soluciones que necesita para que sus pueblos vivan mejor y sobrelleven mejor semejante pandemia\u201d, se\u00f1al\u00f3.<\/p>\n\n\n\n<p>Por su parte, L\u00f3pez Obrador valor\u00f3 la iniciativa argentina para lograr el acuerdo y ponder\u00f3 que \u201cse est\u00e1 convirtiendo en una realidad, ya hay frutos, porque ya empiezan a producir lotes suficientes de vacunas para M\u00e9xico, para la Argentina y para otros pa\u00edses hermanos de Am\u00e9rica latina y del Caribe\u201d.<\/p>\n\n\n\n<p>Acompa\u00f1ado por parte de su Gabinete y en una conferencia de la que tambi\u00e9n participaron como invitadas la ministra de Salud, Carla Vizzotti, la asesora presidencial Cecilia Nicolini y el embajador argentino Carlos Tomada, el presidente mexicano sostuvo: \u201cVamos siempre a trabajar de manera coordinada y solidaria con el pueblo de Argentina y su gobierno, no hay fronteras, estamos juntos en la misma causa: buscar el bienestar para nuestros pueblos\u201d.<\/p>\n","protected":false},"excerpt":{"rendered":"<p>El presidente Alberto Fern\u00e1ndez anunci\u00f3 esta ma\u00f1ana, en una videoconferencia conjunta con su par de M\u00e9xico, Andr\u00e9s Manuel L\u00f3pez Obrador, el inicio de nuevos embarques de vacunas contra el COVID-19 del laboratorio Astrazeneca y la Universidad de Oxford que fueron producidas en la Argentina y envasadas en una planta mexicana.<\/p>\n","protected":false},"author":2,"featured_media":22313,"comment_status":"open","ping_status":"open","sticky":false,"template":"","format":"standard","meta":{"om_disable_all_campaigns":false,"_monsterinsights_skip_tracking":false,"_monsterinsights_sitenote_active":false,"_monsterinsights_sitenote_note":"","_monsterinsights_sitenote_category":0,"_uf_show_specific_survey":0,"_uf_disable_surveys":false,"jetpack_post_was_ever_published":false,"_jetpack_newsletter_access":"","_jetpack_dont_email_post_to_subs":false,"_jetpack_newsletter_tier_id":0,"_jetpack_memberships_contains_paywalled_content":false,"_jetpack_memberships_contains_paid_content":false,"footnotes":"","jetpack_publicize_message":"","jetpack_publicize_feature_enabled":true,"jetpack_social_post_already_shared":false,"jetpack_social_options":{"image_generator_settings":{"template":"highway","default_image_id":0,"font":"","enabled":false},"version":2}},"categories":[18],"tags":[],"class_list":["post-22312","post","type-post","status-publish","format-standard","has-post-thumbnail","hentry","category-politica"],"aioseo_notices":[],"views":5,"jetpack_publicize_connections":[],"jetpack_featured_media_url":"https:\/\/i0.wp.com\/elterritorialweb.com.ar\/web\/wp-content\/uploads\/2021\/05\/AF_mexico1.jpg?fit=1280%2C853&ssl=1","jetpack_sharing_enabled":true,"_links":{"self":[{"href":"https:\/\/elterritorialweb.com.ar\/web\/wp-json\/wp\/v2\/posts\/22312","targetHints":{"allow":["GET"]}}],"collection":[{"href":"https:\/\/elterritorialweb.com.ar\/web\/wp-json\/wp\/v2\/posts"}],"about":[{"href":"https:\/\/elterritorialweb.com.ar\/web\/wp-json\/wp\/v2\/types\/post"}],"author":[{"embeddable":true,"href":"https:\/\/elterritorialweb.com.ar\/web\/wp-json\/wp\/v2\/users\/2"}],"replies":[{"embeddable":true,"href":"https:\/\/elterritorialweb.com.ar\/web\/wp-json\/wp\/v2\/comments?post=22312"}],"version-history":[{"count":1,"href":"https:\/\/elterritorialweb.com.ar\/web\/wp-json\/wp\/v2\/posts\/22312\/revisions"}],"predecessor-version":[{"id":22314,"href":"https:\/\/elterritorialweb.com.ar\/web\/wp-json\/wp\/v2\/posts\/22312\/revisions\/22314"}],"wp:featuredmedia":[{"embeddable":true,"href":"https:\/\/elterritorialweb.com.ar\/web\/wp-json\/wp\/v2\/media\/22313"}],"wp:attachment":[{"href":"https:\/\/elterritorialweb.com.ar\/web\/wp-json\/wp\/v2\/media?parent=22312"}],"wp:term":[{"taxonomy":"category","embeddable":true,"href":"https:\/\/elterritorialweb.com.ar\/web\/wp-json\/wp\/v2\/categories?post=22312"},{"taxonomy":"post_tag","embeddable":true,"href":"https:\/\/elterritorialweb.com.ar\/web\/wp-json\/wp\/v2\/tags?post=22312"}],"curies":[{"name":"wp","href":"https:\/\/api.w.org\/{rel}","templated":true}]}}