{"id":22330,"date":"2021-05-25T22:19:58","date_gmt":"2021-05-25T22:19:58","guid":{"rendered":"http:\/\/elterritorialweb.com.ar\/web\/?p=22330"},"modified":"2021-05-25T22:20:00","modified_gmt":"2021-05-25T22:20:00","slug":"24-601-nuevos-casos-de-covid-19-en-24-horas-con-un-total-de-3-586-736-infectados-en-el-pais","status":"publish","type":"post","link":"https:\/\/elterritorialweb.com.ar\/web\/24-601-nuevos-casos-de-covid-19-en-24-horas-con-un-total-de-3-586-736-infectados-en-el-pais\/","title":{"rendered":"24.601 NUEVOS CASOS DE COVID-19 EN 24 HORAS, CON UN TOTAL DE 3.586.736 INFECTADOS EN EL PA\u00cdS"},"content":{"rendered":"\n<p>El\u00a0<strong>Ministerio de Salud<\/strong>\u00a0inform\u00f3 este lunes 576 muertos y 24.601 nuevos casos de\u00a0<strong>coronavirus<\/strong>\u00a0en 24 horas. Seg\u00fan las cifras del reporte vespertino, ya son 3.586.736 los casos confirmados en la Argentina y el total de muertos se elev\u00f3 a 75.056. Hay 354.020 casos activos y 3.157.660 personas lograron recuperarse de la enfermedad. Durante la \u00faltima jornada se llevaron a cabo 86.340 testeos.<\/p>\n\n\n\n<p>El segundo distrito que report\u00f3 un n\u00famero elevado de contagios fue C\u00f3rdoba, con 3.424 nuevos casos y un acumulado de 287.373; seguida por Santa Fe, con 2.296 y un acumulado de 326.987. A su vez, la Ciudad de Buenos Aires inform\u00f3 2.290 nuevos infectados (402.284).<\/p>\n\n\n\n<div class=\"infogram-embed\" data-id=\"09886bfe-6728-477a-b639-3e6b4ba92211\" data-type=\"interactive\" data-title=\"Curva\"><\/div><script>!function(e,i,n,s){var t=\"InfogramEmbeds\",d=e.getElementsByTagName(\"script\")[0];if(window[t]&&window[t].initialized)window[t].process&&window[t].process();else if(!e.getElementById(n)){var o=e.createElement(\"script\");o.async=1,o.id=n,o.src=\"https:\/\/e.infogram.com\/js\/dist\/embed-loader-min.js\",d.parentNode.insertBefore(o,d)}}(document,0,\"infogram-async\");<\/script>\n\n\n\n<p>En tanto, en Catamarca se registraron 505 casos y un acumulado de 21.308; Chaco, 632 (54.496); Chubut, 232 (60.263); Corrientes, 24 (47.841), Entre R\u00edos, 689 (79.493); Formosa 771 (23.926); Jujuy, 124 (27.368); La Pampa, 461 (39.600); La Rioja, 192 (16.486); Mendoza, 428 (115.631); Misiones, 218 (19.340); Neuqu\u00e9n, 940 (85.438); R\u00edo Negro, 485 (71.004); Salta, 430 (42.535); San Juan, 222 (33.611); San Luis, 484 (49.806); Santa Cruz, 146 (50.296); Santiago del Estero, 419 (40.529); Tierra del Fuego, 112 (28.178); y Tucum\u00e1n, 465 (121.328).<\/p>\n\n\n\n<p>Se inform\u00f3 adem\u00e1s que los pacientes que permanecen internados en las distintas unidades de terapia intensiva (UTI) del pa\u00eds son 6552, mientras que el porcentaje de\u00a0<strong>ocupaci\u00f3n total de camas en las UTI adulto es de 74,1%<\/strong>\u00a0en la naci\u00f3n y de 76,2% en el AMBA.<\/p>\n","protected":false},"excerpt":{"rendered":"<p>En total, hay 354.020 casos activos. Son 3.157.660 los pacientes recuperados. El 74% de las camas de terapia intensiva est\u00e1n ocupadas.<\/p>\n","protected":false},"author":2,"featured_media":22331,"comment_status":"open","ping_status":"open","sticky":false,"template":"","format":"standard","meta":{"om_disable_all_campaigns":false,"_monsterinsights_skip_tracking":false,"_monsterinsights_sitenote_active":false,"_monsterinsights_sitenote_note":"","_monsterinsights_sitenote_category":0,"_uf_show_specific_survey":0,"_uf_disable_surveys":false,"jetpack_post_was_ever_published":false,"_jetpack_newsletter_access":"","_jetpack_dont_email_post_to_subs":false,"_jetpack_newsletter_tier_id":0,"_jetpack_memberships_contains_paywalled_content":false,"_jetpack_memberships_contains_paid_content":false,"footnotes":"","jetpack_publicize_message":"","jetpack_publicize_feature_enabled":true,"jetpack_social_post_already_shared":false,"jetpack_social_options":{"image_generator_settings":{"template":"highway","default_image_id":0,"font":"","enabled":false},"version":2}},"categories":[3],"tags":[],"class_list":["post-22330","post","type-post","status-publish","format-standard","has-post-thumbnail","hentry","category-salud"],"aioseo_notices":[],"views":7,"jetpack_publicize_connections":[],"jetpack_featured_media_url":"https:\/\/i0.wp.com\/elterritorialweb.com.ar\/web\/wp-content\/uploads\/2021\/05\/E2O7zi9WQAIirHH.jpeg?fit=680%2C383&ssl=1","jetpack_sharing_enabled":true,"_links":{"self":[{"href":"https:\/\/elterritorialweb.com.ar\/web\/wp-json\/wp\/v2\/posts\/22330","targetHints":{"allow":["GET"]}}],"collection":[{"href":"https:\/\/elterritorialweb.com.ar\/web\/wp-json\/wp\/v2\/posts"}],"about":[{"href":"https:\/\/elterritorialweb.com.ar\/web\/wp-json\/wp\/v2\/types\/post"}],"author":[{"embeddable":true,"href":"https:\/\/elterritorialweb.com.ar\/web\/wp-json\/wp\/v2\/users\/2"}],"replies":[{"embeddable":true,"href":"https:\/\/elterritorialweb.com.ar\/web\/wp-json\/wp\/v2\/comments?post=22330"}],"version-history":[{"count":1,"href":"https:\/\/elterritorialweb.com.ar\/web\/wp-json\/wp\/v2\/posts\/22330\/revisions"}],"predecessor-version":[{"id":22332,"href":"https:\/\/elterritorialweb.com.ar\/web\/wp-json\/wp\/v2\/posts\/22330\/revisions\/22332"}],"wp:featuredmedia":[{"embeddable":true,"href":"https:\/\/elterritorialweb.com.ar\/web\/wp-json\/wp\/v2\/media\/22331"}],"wp:attachment":[{"href":"https:\/\/elterritorialweb.com.ar\/web\/wp-json\/wp\/v2\/media?parent=22330"}],"wp:term":[{"taxonomy":"category","embeddable":true,"href":"https:\/\/elterritorialweb.com.ar\/web\/wp-json\/wp\/v2\/categories?post=22330"},{"taxonomy":"post_tag","embeddable":true,"href":"https:\/\/elterritorialweb.com.ar\/web\/wp-json\/wp\/v2\/tags?post=22330"}],"curies":[{"name":"wp","href":"https:\/\/api.w.org\/{rel}","templated":true}]}}