{"id":22435,"date":"2021-05-27T12:17:59","date_gmt":"2021-05-27T12:17:59","guid":{"rendered":"http:\/\/elterritorialweb.com.ar\/web\/?p=22435"},"modified":"2021-05-27T12:19:29","modified_gmt":"2021-05-27T12:19:29","slug":"a-partir-del-10-de-junio-italia-comenzaria-a-vacunar-a-todos-los-adultos-del-pais","status":"publish","type":"post","link":"https:\/\/elterritorialweb.com.ar\/web\/a-partir-del-10-de-junio-italia-comenzaria-a-vacunar-a-todos-los-adultos-del-pais\/","title":{"rendered":"A PARTIR DEL 10 DE JUNIO, ITALIA COMENZAR\u00cdA A VACUNAR A TODOS LOS ADULTOS DEL PA\u00cdS"},"content":{"rendered":"\n<p><strong>El Gobierno italiano podr\u00eda empezar a vacunar<\/strong>&nbsp;contra el coronavirus&nbsp;<strong>a todos los adultos del pa\u00eds, sin restricciones de edad<\/strong>, a partir del pr\u00f3ximo 10 de junio.<\/p>\n\n\n\n<p>Seg\u00fan public\u00f3 el diario Corriere, el Gobierno tiene \u00ablista\u00bb una ordenanza para&nbsp;<strong>vacunar a todas las personas mayores de 18 a\u00f1os<\/strong>&nbsp;desde el mes pr\u00f3ximo, una vez que lleguen nuevos cargamentos de vacunas.<\/p>\n\n\n\n<p>Seg\u00fan el peri\u00f3dico, el objetivo es \u00abalinear\u00bb a todo el territorio y&nbsp;<strong>evitar brechas en las campa\u00f1as de vacunaci\u00f3n<\/strong>&nbsp;en cada una de las 20 regiones del pa\u00eds.<\/p>\n\n\n\n<p>Hasta el momento,\u00a0<strong>m\u00e1s de 10,9 millones de personas, el 18,41% de la poblaci\u00f3n del pa\u00eds, ya complet\u00f3 el ciclo de vacunaci\u00f3n<\/strong>\u00a0contra el coronavirus como parte de la campa\u00f1a iniciada el pasado 27 de diciembre.<\/p>\n\n\n\n<p>Seg\u00fan declar\u00f3 este mi\u00e9rcoles al canal La7 el responsable de la campa\u00f1a de vacunaci\u00f3n, Francesco Figliuolo, Italia ya vacun\u00f3 \u00aba m\u00e1s del 90% de las personas mayores de 80 a\u00f1os y al \u00ab80%\u00bb de quienes tienen m\u00e1s de 70 a\u00f1os.<\/p>\n\n\n\n<p>Hasta el momento,&nbsp;<strong>125.622 personas murieron por coronavirus en Italia<\/strong>.<\/p>\n\n\n\n<p>El pa\u00eds inici\u00f3 a fines de abril un proceso de flexibilizaci\u00f3n gradual de restricciones por el que desde mediados de junio se terminar\u00e1n de liberar los movimientos internos y de levantar la mayor parte de las restricciones comerciales.<\/p>\n","protected":false},"excerpt":{"rendered":"<p>La prensa local inform\u00f3 que el Gobierno espera la llegada de m\u00e1s dosis para iniciar una inoculaci\u00f3n masiva. Buscan evitar brechas en las campa\u00f1as que se realizan en las 20 regiones del pa\u00eds.<\/p>\n","protected":false},"author":2,"featured_media":22436,"comment_status":"open","ping_status":"open","sticky":false,"template":"","format":"standard","meta":{"om_disable_all_campaigns":false,"_monsterinsights_skip_tracking":false,"_monsterinsights_sitenote_active":false,"_monsterinsights_sitenote_note":"","_monsterinsights_sitenote_category":0,"_uf_show_specific_survey":0,"_uf_disable_surveys":false,"jetpack_post_was_ever_published":false,"_jetpack_newsletter_access":"","_jetpack_dont_email_post_to_subs":false,"_jetpack_newsletter_tier_id":0,"_jetpack_memberships_contains_paywalled_content":false,"_jetpack_memberships_contains_paid_content":false,"footnotes":"","jetpack_publicize_message":"","jetpack_publicize_feature_enabled":true,"jetpack_social_post_already_shared":false,"jetpack_social_options":{"image_generator_settings":{"template":"highway","default_image_id":0,"font":"","enabled":false},"version":2}},"categories":[10],"tags":[],"class_list":["post-22435","post","type-post","status-publish","format-standard","has-post-thumbnail","hentry","category-internacionales"],"aioseo_notices":[],"views":6,"jetpack_publicize_connections":[],"jetpack_featured_media_url":"https:\/\/i0.wp.com\/elterritorialweb.com.ar\/web\/wp-content\/uploads\/2021\/05\/E2AtZRiXMAEfSse.jpeg?fit=680%2C383&ssl=1","jetpack_sharing_enabled":true,"_links":{"self":[{"href":"https:\/\/elterritorialweb.com.ar\/web\/wp-json\/wp\/v2\/posts\/22435","targetHints":{"allow":["GET"]}}],"collection":[{"href":"https:\/\/elterritorialweb.com.ar\/web\/wp-json\/wp\/v2\/posts"}],"about":[{"href":"https:\/\/elterritorialweb.com.ar\/web\/wp-json\/wp\/v2\/types\/post"}],"author":[{"embeddable":true,"href":"https:\/\/elterritorialweb.com.ar\/web\/wp-json\/wp\/v2\/users\/2"}],"replies":[{"embeddable":true,"href":"https:\/\/elterritorialweb.com.ar\/web\/wp-json\/wp\/v2\/comments?post=22435"}],"version-history":[{"count":1,"href":"https:\/\/elterritorialweb.com.ar\/web\/wp-json\/wp\/v2\/posts\/22435\/revisions"}],"predecessor-version":[{"id":22437,"href":"https:\/\/elterritorialweb.com.ar\/web\/wp-json\/wp\/v2\/posts\/22435\/revisions\/22437"}],"wp:featuredmedia":[{"embeddable":true,"href":"https:\/\/elterritorialweb.com.ar\/web\/wp-json\/wp\/v2\/media\/22436"}],"wp:attachment":[{"href":"https:\/\/elterritorialweb.com.ar\/web\/wp-json\/wp\/v2\/media?parent=22435"}],"wp:term":[{"taxonomy":"category","embeddable":true,"href":"https:\/\/elterritorialweb.com.ar\/web\/wp-json\/wp\/v2\/categories?post=22435"},{"taxonomy":"post_tag","embeddable":true,"href":"https:\/\/elterritorialweb.com.ar\/web\/wp-json\/wp\/v2\/tags?post=22435"}],"curies":[{"name":"wp","href":"https:\/\/api.w.org\/{rel}","templated":true}]}}