{"id":22441,"date":"2021-05-27T22:22:18","date_gmt":"2021-05-27T22:22:18","guid":{"rendered":"http:\/\/elterritorialweb.com.ar\/web\/?p=22441"},"modified":"2021-05-27T22:22:19","modified_gmt":"2021-05-27T22:22:19","slug":"programa-incubar-2021-para-formar-parte-a-nuevos-emprendedores","status":"publish","type":"post","link":"https:\/\/elterritorialweb.com.ar\/web\/programa-incubar-2021-para-formar-parte-a-nuevos-emprendedores\/","title":{"rendered":"PROGRAMA INCUBAR 2021 PARA FORMAR PARTE A NUEVOS EMPRENDEDORES"},"content":{"rendered":"\n<p>T\u00e9cnicos y profesionales del \u00e1rea de Econom\u00eda Social del municipio, se sumar\u00e1n para el dictado de las capacitaciones de Incubaci\u00f3n, los cuales se desarrollar\u00e1n por plataformas digitales.<br>El programa inicia este mi\u00e9rcoles 26 de mayo y consistir\u00e1 en:<br>+Curso de Pre Incubaci\u00f3n: Identificaci\u00f3n de ideas y metodolog\u00edas agiles.<br>+Curso de Asociativismo<br>+Curso de Incubaci\u00f3n: Entrenamiento Comercial<br>+Curso de Finanzas<br>Acompa\u00f1amiento Emprendedor, de la mano de expertos en la tem\u00e1tica.<br>D\u00edas de Cursado: Mi\u00e9rcoles 16hs -Teor\u00eda y Viernes 16hs -Pr\u00e1ctica:<br>Acompa\u00f1amiento Emprendedor<br>Una vez finalizadas las capacitaciones podr\u00e1n participar de una #Ronda Final de #Negocios, para obtener mentor\u00edas, alianzas, visibilidad, entre otros, de la mano de UNAJE SDE.<br>#PLUS: Obtendr\u00e1n un Certificado que acredite 25 horas de Desarrollo Emprendedor, si realizas todas las capacitaciones<br>INSCRIPCIONES en: https:\/\/bit.ly\/INCUBAR2021 hasta el 28\/05.<br>Podr\u00e1s al cabo de 12 semanas aproximadamente capacitarte y finalizar con un Proyecto real y consistente<\/p>\n","protected":false},"excerpt":{"rendered":"<p>La Municipalidad de La Capital, junto al Equipo T\u00e9cnico de la Direcci\u00f3n de Desarrollo Social, fue convocada por la Secretar\u00eda de Ciencia y Tecnolog\u00eda de la Provincia para participar activamente del desarrollo del Programa INCUBAR, programa acreditado ante la Secretar\u00eda de Emprendedores y Pymes del Ministerio de Producci\u00f3n y Trabajo de la Naci\u00f3n..<\/p>\n","protected":false},"author":2,"featured_media":22442,"comment_status":"open","ping_status":"open","sticky":false,"template":"","format":"standard","meta":{"om_disable_all_campaigns":false,"_monsterinsights_skip_tracking":false,"_monsterinsights_sitenote_active":false,"_monsterinsights_sitenote_note":"","_monsterinsights_sitenote_category":0,"_uf_show_specific_survey":0,"_uf_disable_surveys":false,"jetpack_post_was_ever_published":false,"_jetpack_newsletter_access":"","_jetpack_dont_email_post_to_subs":false,"_jetpack_newsletter_tier_id":0,"_jetpack_memberships_contains_paywalled_content":false,"_jetpack_memberships_contains_paid_content":false,"footnotes":"","jetpack_publicize_message":"","jetpack_publicize_feature_enabled":true,"jetpack_social_post_already_shared":false,"jetpack_social_options":{"image_generator_settings":{"template":"highway","default_image_id":0,"font":"","enabled":false},"version":2}},"categories":[21],"tags":[],"class_list":["post-22441","post","type-post","status-publish","format-standard","has-post-thumbnail","hentry","category-locales"],"aioseo_notices":[],"views":11,"jetpack_publicize_connections":[],"jetpack_featured_media_url":"https:\/\/i0.wp.com\/elterritorialweb.com.ar\/web\/wp-content\/uploads\/2021\/05\/hkW-50162938_m-e1589985886552.jpg?fit=1877%2C987&ssl=1","jetpack_sharing_enabled":true,"_links":{"self":[{"href":"https:\/\/elterritorialweb.com.ar\/web\/wp-json\/wp\/v2\/posts\/22441","targetHints":{"allow":["GET"]}}],"collection":[{"href":"https:\/\/elterritorialweb.com.ar\/web\/wp-json\/wp\/v2\/posts"}],"about":[{"href":"https:\/\/elterritorialweb.com.ar\/web\/wp-json\/wp\/v2\/types\/post"}],"author":[{"embeddable":true,"href":"https:\/\/elterritorialweb.com.ar\/web\/wp-json\/wp\/v2\/users\/2"}],"replies":[{"embeddable":true,"href":"https:\/\/elterritorialweb.com.ar\/web\/wp-json\/wp\/v2\/comments?post=22441"}],"version-history":[{"count":1,"href":"https:\/\/elterritorialweb.com.ar\/web\/wp-json\/wp\/v2\/posts\/22441\/revisions"}],"predecessor-version":[{"id":22443,"href":"https:\/\/elterritorialweb.com.ar\/web\/wp-json\/wp\/v2\/posts\/22441\/revisions\/22443"}],"wp:featuredmedia":[{"embeddable":true,"href":"https:\/\/elterritorialweb.com.ar\/web\/wp-json\/wp\/v2\/media\/22442"}],"wp:attachment":[{"href":"https:\/\/elterritorialweb.com.ar\/web\/wp-json\/wp\/v2\/media?parent=22441"}],"wp:term":[{"taxonomy":"category","embeddable":true,"href":"https:\/\/elterritorialweb.com.ar\/web\/wp-json\/wp\/v2\/categories?post=22441"},{"taxonomy":"post_tag","embeddable":true,"href":"https:\/\/elterritorialweb.com.ar\/web\/wp-json\/wp\/v2\/tags?post=22441"}],"curies":[{"name":"wp","href":"https:\/\/api.w.org\/{rel}","templated":true}]}}