{"id":22456,"date":"2021-05-28T02:38:35","date_gmt":"2021-05-28T02:38:35","guid":{"rendered":"http:\/\/elterritorialweb.com.ar\/web\/?p=22456"},"modified":"2021-05-28T02:40:29","modified_gmt":"2021-05-28T02:40:29","slug":"argentina-en-madrid-los-mejores-momentos-argentinos-en-la-feria-internacional-del-turismo","status":"publish","type":"post","link":"https:\/\/elterritorialweb.com.ar\/web\/argentina-en-madrid-los-mejores-momentos-argentinos-en-la-feria-internacional-del-turismo\/","title":{"rendered":"LOS MEJORES MOMENTOS ARGENTINOS EN LA FERIA INTERNACIONAL DEL TURISMO"},"content":{"rendered":"\n<p>En tiempos en donde los viajes se ven afectados por la situaci\u00f3n pand\u00e9mica mundial, reunirse &#8211; con protocolos mediante &#8211; para repensar el rol del turismo resulta fundamental. Justamente eso es lo que habilita la&nbsp;<strong>Feria Internacional de Turismo (FITUR)<\/strong>: promover y reactivar el turismo, en un espacio de encuentro para profesionales de la industria.&nbsp;<\/p>\n\n\n\n<p>Argentina dijo presente con la asistencia del ministro de Turismo y Deportes, Mat\u00edas Lammens, y el secretario ejecutivo del Instituto Nacional de Promoci\u00f3n Tur\u00edstica,&nbsp;<strong>Ricardo Sosa<\/strong>. \u00bfEl objetivo? Generar negocios, buscar inversiones y posicionar al pa\u00eds como destino tur\u00edstico internacional para cuando se abran las fronteras. El stand de la delegaci\u00f3n, sorprendi\u00f3 por su componente sustentable inspirado en la F\u00f3rmula 1 y el MotoGP, brind\u00f3, a su vez, actividades para promover la pasi\u00f3n argentina y permitir que los concurrentes viajaran por un rato al pa\u00eds del Fin del Mundo. Adem\u00e1s,&nbsp;<strong><em>Visit Argentina<\/em><\/strong>&nbsp;present\u00f3 su nueva identidad basada en el concepto de infinito para ilustrar las m\u00faltiples oportunidades que ofrece el pa\u00eds de cara al turista: pasi\u00f3n, cultura, naturaleza, arquitectura, experiencias, gastronom\u00eda y paisajes de ensue\u00f1o.&nbsp;<\/p>\n\n\n\n<p>La cita de cinco d\u00edas fue en una de las capitales m\u00e1s importantes del mundo, la gran Madrid, Espa\u00f1a. Del 19 al 23 de mayo se compartieron ponencias, acciones y experiencias que permitieron dar la vuelta al mundo desde un mismo lugar. Todo contemplando la crisis sanitaria y aplicando los protocolos correspondientes: testeo de los concurrentes previamente, uso de mascarillas faciales obligatorio, medidas adicionales en stands para asegurar el distanciamiento social y la circulaci\u00f3n de aire y, adem\u00e1s, cada delegaci\u00f3n cont\u00f3 con un kit de protecci\u00f3n.&nbsp;<\/p>\n\n\n\n<p>Desde el tango, pasando por conmemoraciones a uno de los mejores futbolistas del mundo y un espect\u00e1culo de trap: Argentina brill\u00f3 en FITUR y estos fueron los mejores tres momentos.<\/p>\n\n\n\n<figure class=\"wp-block-image size-large\"><a href=\"https:\/\/i0.wp.com\/elterritorialweb.com.ar\/web\/wp-content\/uploads\/2021\/05\/065b5b0ca53eb1abced93e0e98206253.png\"><img data-recalc-dims=\"1\" decoding=\"async\" width=\"480\" height=\"360\" data-src=\"https:\/\/i0.wp.com\/elterritorialweb.com.ar\/web\/wp-content\/uploads\/2021\/05\/065b5b0ca53eb1abced93e0e98206253.png?resize=480%2C360\" alt=\"\" class=\"wp-image-22457 lazyload\" data-srcset=\"https:\/\/i0.wp.com\/elterritorialweb.com.ar\/web\/wp-content\/uploads\/2021\/05\/065b5b0ca53eb1abced93e0e98206253.png?w=480&amp;ssl=1 480w, https:\/\/i0.wp.com\/elterritorialweb.com.ar\/web\/wp-content\/uploads\/2021\/05\/065b5b0ca53eb1abced93e0e98206253.png?resize=300%2C225&amp;ssl=1 300w\" data-sizes=\"(max-width: 480px) 100vw, 480px\" src=\"data:image\/svg+xml;base64,PHN2ZyB3aWR0aD0iMSIgaGVpZ2h0PSIxIiB4bWxucz0iaHR0cDovL3d3dy53My5vcmcvMjAwMC9zdmciPjwvc3ZnPg==\" style=\"--smush-placeholder-width: 480px; --smush-placeholder-aspect-ratio: 480\/360;\" \/><\/a><\/figure>\n\n\n\n<p><strong>1. El show de tango de Mora Godoy<\/strong><\/p>\n\n\n\n<p>El cierre de un d\u00eda madrile\u00f1o, la inconfundible Puerta de Alcal\u00e1 como testigo y un sinf\u00edn de paisajes argentinos proyectados en pantallas. Estos fueron algunos de los condimentos que acompa\u00f1aron a la bailarina Mora Godoy y a Ramiro Javier Izurieta a desplegar un espect\u00e1culo que tuvo como protagonista al baile m\u00e1s t\u00edpico de la Argentina: el tango. Sensual, est\u00e9tico y sentido, naci\u00f3 en los barrios m\u00e1s humildes de la Ciudad de Buenos Aires en el siglo XIX y se convirti\u00f3 en un s\u00edmbolo de la cultura local.&nbsp;<\/p>\n\n\n\n<p>El jueves 20 de mayo tuvo lugar esta manifestaci\u00f3n de la pasi\u00f3n albiceleste traducida en pasos y acordes que vibraron dentro de cada uno de los espectadores. \u00bfCu\u00e1les fueron las piezas musicales que danzaron? \u201cLa Yumba\u201d, de Osvaldo Pugliese, un adagio rom\u00e1ntico y, por \u00faltimo, \u201cLa Cumparsita\u201d. La destreza que caracteriza a la referente n\u00famero uno del tango argentino, Mora Godoy, maravill\u00f3 a los asistentes y dio cuenta de una de las pasiones m\u00e1s fuertes del Fin del Mundo.&nbsp;<\/p>\n\n\n\n<figure class=\"wp-block-image size-large\"><a href=\"https:\/\/i0.wp.com\/elterritorialweb.com.ar\/web\/wp-content\/uploads\/2021\/05\/468377293e5ce93c5b733ee5327b33e8.png\"><img data-recalc-dims=\"1\" decoding=\"async\" width=\"480\" height=\"360\" data-src=\"https:\/\/i0.wp.com\/elterritorialweb.com.ar\/web\/wp-content\/uploads\/2021\/05\/468377293e5ce93c5b733ee5327b33e8.png?resize=480%2C360\" alt=\"\" class=\"wp-image-22458 lazyload\" data-srcset=\"https:\/\/i0.wp.com\/elterritorialweb.com.ar\/web\/wp-content\/uploads\/2021\/05\/468377293e5ce93c5b733ee5327b33e8.png?w=480&amp;ssl=1 480w, https:\/\/i0.wp.com\/elterritorialweb.com.ar\/web\/wp-content\/uploads\/2021\/05\/468377293e5ce93c5b733ee5327b33e8.png?resize=300%2C225&amp;ssl=1 300w\" data-sizes=\"(max-width: 480px) 100vw, 480px\" src=\"data:image\/svg+xml;base64,PHN2ZyB3aWR0aD0iMSIgaGVpZ2h0PSIxIiB4bWxucz0iaHR0cDovL3d3dy53My5vcmcvMjAwMC9zdmciPjwvc3ZnPg==\" style=\"--smush-placeholder-width: 480px; --smush-placeholder-aspect-ratio: 480\/360;\" \/><\/a><\/figure>\n\n\n\n<p><strong>2. El flashmob en homenaje a Diego Maradona y Astor Piazzolla<\/strong><br>&nbsp;&nbsp; &nbsp;<br>Dos \u00eddolos nacionales que se llevaron tandas de aplausos y conmemoraciones. Diego Armando Maradona, la leyenda futbol\u00edstica de la Argentina, y Astor Piazzolla, el compositor de tango con mayor reconocimiento mundial, fueron el centro del homenaje argentino durante el s\u00e1bado 22, que consisti\u00f3 en varios bailes t\u00edpicos de la regi\u00f3n. El show empez\u00f3 con el cl\u00e1sico tango y tuvo su momento de danza urbana con el aclamado trap, el g\u00e9nero que ya se import\u00f3 al mundo y es furor.<br><br>El broche de oro lo musicaliz\u00f3 \u201cLa Mano de Dios\u201d, la canci\u00f3n de Rodrigo (ic\u00f3nico cantante de cuarteto de C\u00f3rdoba) en honor a Maradona. Los artistas, acompa\u00f1ando la popular letra cargada de simbolismos, cerraron el espect\u00e1culo dejando ver camisetas argentinas con el 10, el n\u00famero que ocup\u00f3 Maradona.&nbsp;<\/p>\n\n\n\n<figure class=\"wp-block-image size-large\"><a href=\"https:\/\/i0.wp.com\/elterritorialweb.com.ar\/web\/wp-content\/uploads\/2021\/05\/6de14c0c4075d5ea9fedbf6eefa56d62.png\"><img data-recalc-dims=\"1\" decoding=\"async\" width=\"640\" height=\"360\" data-src=\"https:\/\/i0.wp.com\/elterritorialweb.com.ar\/web\/wp-content\/uploads\/2021\/05\/6de14c0c4075d5ea9fedbf6eefa56d62.png?resize=640%2C360\" alt=\"\" class=\"wp-image-22459 lazyload\" data-srcset=\"https:\/\/i0.wp.com\/elterritorialweb.com.ar\/web\/wp-content\/uploads\/2021\/05\/6de14c0c4075d5ea9fedbf6eefa56d62.png?w=640&amp;ssl=1 640w, https:\/\/i0.wp.com\/elterritorialweb.com.ar\/web\/wp-content\/uploads\/2021\/05\/6de14c0c4075d5ea9fedbf6eefa56d62.png?resize=300%2C169&amp;ssl=1 300w\" data-sizes=\"(max-width: 640px) 100vw, 640px\" src=\"data:image\/svg+xml;base64,PHN2ZyB3aWR0aD0iMSIgaGVpZ2h0PSIxIiB4bWxucz0iaHR0cDovL3d3dy53My5vcmcvMjAwMC9zdmciPjwvc3ZnPg==\" style=\"--smush-placeholder-width: 640px; --smush-placeholder-aspect-ratio: 640\/360;\" \/><\/a><\/figure>\n\n\n\n<p><strong>3. El espect\u00e1culo de f\u00fatbol de la mano de dos freestylers<\/strong><br>&nbsp;&nbsp; &nbsp;<br>Porque la pasi\u00f3n argentina es \u00fanica en el mundo. Porque los goles del mundial se gritan desde lo m\u00e1s profundo del coraz\u00f3n. Simplemente porque el f\u00fatbol es el deporte m\u00e1s popular del pa\u00eds. Con esta premisa, el FITUR tambi\u00e9n hizo lugar al amor por la bandera celeste y blanca desde el costado futbol\u00edstico. \u00bfC\u00f3mo? A trav\u00e9s de una exhibici\u00f3n liderada por dos freestylers en donde se realizaron una serie de juegos con la pelota como protagonista. El resultado fue un hipnotizante espect\u00e1culo de trucos involucrando todo el cuerpo, dando lugar a la creatividad m\u00e1s pura.<br><br><br>FITUR 2021 termin\u00f3, pero quedaron esos momentos memorables que ayudaron a dejar la pasi\u00f3n argentina en la retina de los espa\u00f1oles, con la esperanza que cuando la situaci\u00f3n sanitaria mejore y se abran las fronteras, puedan viajar y disfrutarla en nuestro pa\u00eds.<br>&nbsp;<\/p>\n","protected":false},"excerpt":{"rendered":"<p>En el marco de la Feria Internacional de Turismo (FITUR), del 19 al 23 de mayo, la Argentina particip\u00f3 con un stand reciclable \u2013el mejor de la feria seg\u00fan la organizaci\u00f3n- y el claro objetivo de posicionar al pa\u00eds como destino tur\u00edstico. \u00bfCu\u00e1les fueron los mejores momentos argentinos en Madrid? Lo contamos en esta nota.<\/p>\n","protected":false},"author":2,"featured_media":22460,"comment_status":"open","ping_status":"open","sticky":false,"template":"","format":"standard","meta":{"om_disable_all_campaigns":false,"_monsterinsights_skip_tracking":false,"_monsterinsights_sitenote_active":false,"_monsterinsights_sitenote_note":"","_monsterinsights_sitenote_category":0,"_uf_show_specific_survey":0,"_uf_disable_surveys":false,"jetpack_post_was_ever_published":false,"_jetpack_newsletter_access":"","_jetpack_dont_email_post_to_subs":false,"_jetpack_newsletter_tier_id":0,"_jetpack_memberships_contains_paywalled_content":false,"_jetpack_memberships_contains_paid_content":false,"footnotes":"","jetpack_publicize_message":"","jetpack_publicize_feature_enabled":true,"jetpack_social_post_already_shared":false,"jetpack_social_options":{"image_generator_settings":{"template":"highway","default_image_id":0,"font":"","enabled":false},"version":2}},"categories":[7],"tags":[],"class_list":["post-22456","post","type-post","status-publish","format-standard","has-post-thumbnail","hentry","category-nacionales"],"aioseo_notices":[],"views":6,"jetpack_publicize_connections":[],"jetpack_featured_media_url":"https:\/\/i0.wp.com\/elterritorialweb.com.ar\/web\/wp-content\/uploads\/2021\/05\/InShot_20210527_233450854-scaled.jpg?fit=2560%2C1440&ssl=1","jetpack_sharing_enabled":true,"_links":{"self":[{"href":"https:\/\/elterritorialweb.com.ar\/web\/wp-json\/wp\/v2\/posts\/22456","targetHints":{"allow":["GET"]}}],"collection":[{"href":"https:\/\/elterritorialweb.com.ar\/web\/wp-json\/wp\/v2\/posts"}],"about":[{"href":"https:\/\/elterritorialweb.com.ar\/web\/wp-json\/wp\/v2\/types\/post"}],"author":[{"embeddable":true,"href":"https:\/\/elterritorialweb.com.ar\/web\/wp-json\/wp\/v2\/users\/2"}],"replies":[{"embeddable":true,"href":"https:\/\/elterritorialweb.com.ar\/web\/wp-json\/wp\/v2\/comments?post=22456"}],"version-history":[{"count":3,"href":"https:\/\/elterritorialweb.com.ar\/web\/wp-json\/wp\/v2\/posts\/22456\/revisions"}],"predecessor-version":[{"id":22463,"href":"https:\/\/elterritorialweb.com.ar\/web\/wp-json\/wp\/v2\/posts\/22456\/revisions\/22463"}],"wp:featuredmedia":[{"embeddable":true,"href":"https:\/\/elterritorialweb.com.ar\/web\/wp-json\/wp\/v2\/media\/22460"}],"wp:attachment":[{"href":"https:\/\/elterritorialweb.com.ar\/web\/wp-json\/wp\/v2\/media?parent=22456"}],"wp:term":[{"taxonomy":"category","embeddable":true,"href":"https:\/\/elterritorialweb.com.ar\/web\/wp-json\/wp\/v2\/categories?post=22456"},{"taxonomy":"post_tag","embeddable":true,"href":"https:\/\/elterritorialweb.com.ar\/web\/wp-json\/wp\/v2\/tags?post=22456"}],"curies":[{"name":"wp","href":"https:\/\/api.w.org\/{rel}","templated":true}]}}