{"id":22469,"date":"2021-05-29T01:12:14","date_gmt":"2021-05-29T01:12:14","guid":{"rendered":"http:\/\/elterritorialweb.com.ar\/web\/?p=22469"},"modified":"2021-05-29T22:38:06","modified_gmt":"2021-05-29T22:38:06","slug":"39-207-nuevos-casos-de-covid-19-en-24-horas-con-un-total-de-3-702-422-infectados-en-el-pais","status":"publish","type":"post","link":"https:\/\/elterritorialweb.com.ar\/web\/39-207-nuevos-casos-de-covid-19-en-24-horas-con-un-total-de-3-702-422-infectados-en-el-pais\/","title":{"rendered":"39.207  NUEVOS CASOS DE COVID-19 EN 24 HORAS, CON UN TOTAL DE 3.702.422 INFECTADOS EN EL PA\u00cdS"},"content":{"rendered":"\n<p>Otras 560 personas murieron y 39.207 fueron reportadas con coronavirus en las \u00faltimas 24 horas en la Argentina, mientras el Gobierno centra sus expectativas en la aceleraci\u00f3n de la vacunaci\u00f3n y en la gesti\u00f3n para la compra de grandes vol\u00famenes de dosis que fortalezcan la campa\u00f1a de inmunizaci\u00f3n.<\/p>\n\n\n\n<p>Seg\u00fan las cifras oficiales informadas,&nbsp;<strong>el n\u00famero total de fallecidos desde el inicio de la pandemia se elev\u00f3 a 76.693, en tanto los infectados llegaron a 3.702.422<\/strong>, de los cuales 3.252.843 ya recibieron el alta y 372.886 son casos confirmados activos.<\/p>\n\n\n\n<p>El Ministerio de Salud indic\u00f3 que&nbsp;<strong>son 6.872 los internados en unidades de terapia intensiva, con un porcentaje de ocupaci\u00f3n de camas de adultos de 77,1% en el pa\u00eds y del 76,6% en el \u00c1rea Metropolitana Buenos Aires<\/strong>.<\/p>\n\n\n\n<p><strong>Las cifras de la jornada<\/strong><\/p>\n\n\n\n<p>Este viernes se registraron en la provincia de Buenos Aires 15.035 casos; en la Ciudad de Buenos Aires, 3.026; en Catamarca, 422; en Chaco, 727; en Chubut, 440; en Corrientes, 491; en C\u00f3rdoba, 4.654; en Entre R\u00edos, 1.476; en Formosa, 1.203; en Jujuy, 182; en La Pampa, 570; en La Rioja, 210; en Mendoza, 1.127; en Misiones, 214; en Neuqu\u00e9n, 987; en R\u00edo Negro, 600; en Salta, 636; en San Juan, 921; en San Luis, 638; en Santa Cruz, 220; en Santa Fe, 3.653; en Santiago del Estero, 633; Tierra del Fuego, 80 y en Tucum\u00e1n, 1.062.<\/p>\n","protected":false},"excerpt":{"rendered":"<p>Informe del Ministerio de Salud de la Naci\u00f3n<\/p>\n","protected":false},"author":2,"featured_media":22470,"comment_status":"open","ping_status":"open","sticky":false,"template":"","format":"standard","meta":{"om_disable_all_campaigns":false,"_monsterinsights_skip_tracking":false,"_monsterinsights_sitenote_active":false,"_monsterinsights_sitenote_note":"","_monsterinsights_sitenote_category":0,"_uf_show_specific_survey":0,"_uf_disable_surveys":false,"jetpack_post_was_ever_published":false,"_jetpack_newsletter_access":"","_jetpack_dont_email_post_to_subs":false,"_jetpack_newsletter_tier_id":0,"_jetpack_memberships_contains_paywalled_content":false,"_jetpack_memberships_contains_paid_content":false,"footnotes":"","jetpack_publicize_message":"","jetpack_publicize_feature_enabled":true,"jetpack_social_post_already_shared":false,"jetpack_social_options":{"image_generator_settings":{"template":"highway","default_image_id":0,"font":"","enabled":false},"version":2}},"categories":[3],"tags":[],"class_list":["post-22469","post","type-post","status-publish","format-standard","has-post-thumbnail","hentry","category-salud"],"aioseo_notices":[],"views":5,"jetpack_publicize_connections":[],"jetpack_featured_media_url":"https:\/\/i0.wp.com\/elterritorialweb.com.ar\/web\/wp-content\/uploads\/2021\/05\/E2OsoFEXEAYRNsT.jpeg?fit=680%2C383&ssl=1","jetpack_sharing_enabled":true,"_links":{"self":[{"href":"https:\/\/elterritorialweb.com.ar\/web\/wp-json\/wp\/v2\/posts\/22469","targetHints":{"allow":["GET"]}}],"collection":[{"href":"https:\/\/elterritorialweb.com.ar\/web\/wp-json\/wp\/v2\/posts"}],"about":[{"href":"https:\/\/elterritorialweb.com.ar\/web\/wp-json\/wp\/v2\/types\/post"}],"author":[{"embeddable":true,"href":"https:\/\/elterritorialweb.com.ar\/web\/wp-json\/wp\/v2\/users\/2"}],"replies":[{"embeddable":true,"href":"https:\/\/elterritorialweb.com.ar\/web\/wp-json\/wp\/v2\/comments?post=22469"}],"version-history":[{"count":1,"href":"https:\/\/elterritorialweb.com.ar\/web\/wp-json\/wp\/v2\/posts\/22469\/revisions"}],"predecessor-version":[{"id":22473,"href":"https:\/\/elterritorialweb.com.ar\/web\/wp-json\/wp\/v2\/posts\/22469\/revisions\/22473"}],"wp:featuredmedia":[{"embeddable":true,"href":"https:\/\/elterritorialweb.com.ar\/web\/wp-json\/wp\/v2\/media\/22470"}],"wp:attachment":[{"href":"https:\/\/elterritorialweb.com.ar\/web\/wp-json\/wp\/v2\/media?parent=22469"}],"wp:term":[{"taxonomy":"category","embeddable":true,"href":"https:\/\/elterritorialweb.com.ar\/web\/wp-json\/wp\/v2\/categories?post=22469"},{"taxonomy":"post_tag","embeddable":true,"href":"https:\/\/elterritorialweb.com.ar\/web\/wp-json\/wp\/v2\/tags?post=22469"}],"curies":[{"name":"wp","href":"https:\/\/api.w.org\/{rel}","templated":true}]}}