{"id":2247,"date":"2020-03-14T23:13:10","date_gmt":"2020-03-14T23:13:10","guid":{"rendered":"http:\/\/elterritorialweb.com.ar\/web\/?p=2247"},"modified":"2020-03-14T23:13:10","modified_gmt":"2020-03-14T23:13:10","slug":"fernandez-continuan-las-tareas-de-fumigacion-y-desmalezado","status":"publish","type":"post","link":"https:\/\/elterritorialweb.com.ar\/web\/fernandez-continuan-las-tareas-de-fumigacion-y-desmalezado\/","title":{"rendered":"FERN\u00c1NDEZ: CONTIN\u00daAN LAS TAREAS DE FUMIGACI\u00d3N Y DESMALEZADO"},"content":{"rendered":"\n<p> La Municipalidad de Fern\u00e1ndez continua trabajando intensamente en operativos de fumigaci\u00f3n y desmalezado. Se recomienda a la poblaci\u00f3n redoblar todas las medidas de prevenci\u00f3n tanto para prevenir la propagaci\u00f3n del mosquito transmisor del dengue, como as\u00ed tambi\u00e9n enfermedades respiratorias.<\/p>\n\n\n\n<figure class=\"wp-block-image size-large\"><img data-recalc-dims=\"1\" decoding=\"async\" width=\"640\" height=\"335\" data-src=\"https:\/\/i0.wp.com\/elterritorialweb.com.ar\/web\/wp-content\/uploads\/2020\/03\/FERNA-2.jpg?resize=640%2C335\" alt=\"\" class=\"wp-image-2249 lazyload\" data-srcset=\"https:\/\/i0.wp.com\/elterritorialweb.com.ar\/web\/wp-content\/uploads\/2020\/03\/FERNA-2.jpg?w=960&amp;ssl=1 960w, https:\/\/i0.wp.com\/elterritorialweb.com.ar\/web\/wp-content\/uploads\/2020\/03\/FERNA-2.jpg?resize=300%2C157&amp;ssl=1 300w, https:\/\/i0.wp.com\/elterritorialweb.com.ar\/web\/wp-content\/uploads\/2020\/03\/FERNA-2.jpg?resize=768%2C402&amp;ssl=1 768w\" data-sizes=\"(max-width: 640px) 100vw, 640px\" src=\"data:image\/svg+xml;base64,PHN2ZyB3aWR0aD0iMSIgaGVpZ2h0PSIxIiB4bWxucz0iaHR0cDovL3d3dy53My5vcmcvMjAwMC9zdmciPjwvc3ZnPg==\" style=\"--smush-placeholder-width: 640px; --smush-placeholder-aspect-ratio: 640\/335;\" \/><\/figure>\n\n\n\n<p><br>Es fundamental la colaboraci\u00f3n de vecinos e instituciones a trav\u00e9s de acciones sencillas tales como:<br>Mantener limpio y desmalezados los patios, jardines y terrenos bald\u00edos, haci\u00e9ndose pasible de multas y sanciones en caso contrario.<br>&#8211; Colocarse repelente<br>&#8211; En los ambientes cerrados, colocar insecticidas en rincones, atr\u00e1s y debajo de los muebles.<br>&#8211; Mantener con tapa los tanques de agua.<br>&#8211; Eliminar o mantener boca abajo los recipientes que puedan acumular agua.<br>&#8211; Evitar mantener flores en agua, caso contrario, cambiar peri\u00f3dicamente la misma.<br>&#8211; Lavarse peri\u00f3dicamente las manos.<\/p>\n\n\n\n<p>Ante cualquier s\u00edntoma de FIEBRE, DOLOR DE CABEZA, GARGANTA, TOS, DOLORES ARTICULARES, NO AUTOMEDICARSE para no complicar el cuadro, y ACUDIR A UN CENTRO DE SALUD o dar aviso al n\u00famero 107<br>La prevenci\u00f3n es responsabilidad de todos.<\/p>\n","protected":false},"excerpt":{"rendered":"<p>La Municipalidad de Fern\u00e1ndez continua trabajando intensamente en operativos de fumigaci\u00f3n y desmalezado. Se recomienda&#8230;<\/p>\n","protected":false},"author":2,"featured_media":2248,"comment_status":"open","ping_status":"open","sticky":false,"template":"","format":"standard","meta":{"om_disable_all_campaigns":false,"_monsterinsights_skip_tracking":false,"_monsterinsights_sitenote_active":false,"_monsterinsights_sitenote_note":"","_monsterinsights_sitenote_category":0,"_uf_show_specific_survey":0,"_uf_disable_surveys":false,"jetpack_post_was_ever_published":false,"_jetpack_newsletter_access":"","_jetpack_dont_email_post_to_subs":false,"_jetpack_newsletter_tier_id":0,"_jetpack_memberships_contains_paywalled_content":false,"_jetpack_memberships_contains_paid_content":false,"footnotes":"","jetpack_publicize_message":"","jetpack_publicize_feature_enabled":true,"jetpack_social_post_already_shared":false,"jetpack_social_options":{"image_generator_settings":{"template":"highway","default_image_id":0,"font":"","enabled":false},"version":2}},"categories":[21],"tags":[],"class_list":["post-2247","post","type-post","status-publish","format-standard","has-post-thumbnail","hentry","category-locales"],"aioseo_notices":[],"views":8,"jetpack_publicize_connections":[],"jetpack_featured_media_url":"https:\/\/i0.wp.com\/elterritorialweb.com.ar\/web\/wp-content\/uploads\/2020\/03\/FERNA-1.jpg?fit=960%2C503&ssl=1","jetpack_sharing_enabled":true,"_links":{"self":[{"href":"https:\/\/elterritorialweb.com.ar\/web\/wp-json\/wp\/v2\/posts\/2247","targetHints":{"allow":["GET"]}}],"collection":[{"href":"https:\/\/elterritorialweb.com.ar\/web\/wp-json\/wp\/v2\/posts"}],"about":[{"href":"https:\/\/elterritorialweb.com.ar\/web\/wp-json\/wp\/v2\/types\/post"}],"author":[{"embeddable":true,"href":"https:\/\/elterritorialweb.com.ar\/web\/wp-json\/wp\/v2\/users\/2"}],"replies":[{"embeddable":true,"href":"https:\/\/elterritorialweb.com.ar\/web\/wp-json\/wp\/v2\/comments?post=2247"}],"version-history":[{"count":1,"href":"https:\/\/elterritorialweb.com.ar\/web\/wp-json\/wp\/v2\/posts\/2247\/revisions"}],"predecessor-version":[{"id":2251,"href":"https:\/\/elterritorialweb.com.ar\/web\/wp-json\/wp\/v2\/posts\/2247\/revisions\/2251"}],"wp:featuredmedia":[{"embeddable":true,"href":"https:\/\/elterritorialweb.com.ar\/web\/wp-json\/wp\/v2\/media\/2248"}],"wp:attachment":[{"href":"https:\/\/elterritorialweb.com.ar\/web\/wp-json\/wp\/v2\/media?parent=2247"}],"wp:term":[{"taxonomy":"category","embeddable":true,"href":"https:\/\/elterritorialweb.com.ar\/web\/wp-json\/wp\/v2\/categories?post=2247"},{"taxonomy":"post_tag","embeddable":true,"href":"https:\/\/elterritorialweb.com.ar\/web\/wp-json\/wp\/v2\/tags?post=2247"}],"curies":[{"name":"wp","href":"https:\/\/api.w.org\/{rel}","templated":true}]}}