{"id":22475,"date":"2021-05-29T03:49:08","date_gmt":"2021-05-29T03:49:08","guid":{"rendered":"http:\/\/elterritorialweb.com.ar\/web\/?p=22475"},"modified":"2021-05-29T22:37:55","modified_gmt":"2021-05-29T22:37:55","slug":"coronavirus-en-santiago-se-confirmaron-767-casos-positivos-en","status":"publish","type":"post","link":"https:\/\/elterritorialweb.com.ar\/web\/coronavirus-en-santiago-se-confirmaron-767-casos-positivos-en\/","title":{"rendered":"CORONAVIRUS EN SANTIAGO: SE CONFIRMARON 767 CASOS POSITIVOS EN"},"content":{"rendered":"\n<p>Se recuperaron ciento sesenta y cinco (165) casos el d\u00eda de hoy, por lo que son treinta mil novecientos quince (30.915) los casos recuperados en la provincia.<\/p>\n\n\n\n<p><strong>Se notific\u00f3 el fallecimiento de 4 personas por COVID-19. Un hombre de 30 a\u00f1os del Dpto Banda y un hombre de 60 a\u00f1os del Dpto Figueroa, ambos internados en el CIS Banda, un hombre de 60 a\u00f1os que estaba internado en el Hospital de A\u00f1atuya. Una mujer de 43 a\u00f1os con antecedentes de diabetes que estaba internada en un sanatorio privado de La Banda.<\/strong><\/p>\n\n\n\n<p>Hay un total de cuatrocientos sesenta y ocho (468) personas positivas fallecidas en la provincia.<\/p>\n\n\n\n<p>Se procesaron un total de mil ochocientos sesenta y cuatro (1.864) muestras el d\u00eda de hoy.<\/p>\n\n\n\n<p><strong>Se confirmaron setecientos sesenta y siete (767) casos, Capital- Banda (401) e interior de la provincia (366) distribuidos de la siguiente manera: Antaje 4; A\u00f1atuya 40; Bandera 4; Bandera Bajada 2; Brea Pozo 1; Campo Gallo 18; Casares 1; Charquina 1; Clodomira 7; Colonia Dora 2; Do\u00f1a Luisa 1; El Cuadrado 1; El Mojon 2; El Porvenir 1; Fernandez 31; Forres 3; Frias 49; Garza 2; Herrera 6; La Darsena 1; La Fragua 1; Las Tinajas 1; Lilo Viejo 1; Laprida 1; Loreto 14; Los Juries 8; Los Mojones 1; Los Pirpintos 6; Los Telares 2; Lote 42 1; Lugones 1; Malbran 2; Melero 1; Mansupa 1; Monte Quemado 2; Nueva Esperanza 2; Nueva Francia 1; Pampa de los Guanacos 7; Paraje San Antonio 1; Pinto 4; Rapelli 13; Real Sayana 2; San Jose del Boqueron 2; San Pedro de Guasayan 3; San Vicente 1; Santa Ana 1; Santo Domingo 3; Sausal 1; Selva 30; Sumampa 2; Suncho Corral 5; Suri Yacu 1; Termas 42; Tintina 14; Tio Chacras 1; Vaca Hua\u00f1una 3; Villa Matoque 1; Villa Ojo de Agua 6.<\/strong><\/p>\n\n\n\n<p>Permanecen activos doce mil doscientos sesenta y tres (12.263) casos en la provincia.<\/p>\n\n\n\n<p>El total de casos positivos acumulados es de cuarenta y tres mil doscientos cincuenta y tres (43.253).<\/p>\n\n\n\n<p>Se descartaron mil noventa y siete (1.097) casos el d\u00eda de hoy, por lo que hay ciento cuarenta y un mil ochocientos setenta y seis (141.876) casos descartados a la fecha. <\/p>\n\n\n\n<p><strong>Importante<\/strong>: La diferencia de casos acumulados, y difundidos en el reporte nacional, obedece a diferentes horarios de carga y a santiague\u00f1os que residen en otras provincias pero que no tienen realizado el cambio de domicilio legal en su DNI. Se ha solicitado el correspondiente pedido de reclasificaci\u00f3n de los casos excedentes cargados para nuestra provincia. <\/p>\n\n\n\n<p>Se recuerda que TODAS las personas que son contacto estrecho de casos positivos que DEBEN realizar un AISLAMIENTO SANITARIO OBLIGATORIO de 14 d\u00edas, aunque no presenten s\u00edntomas e independientemente si fueron hisopados y su resultado fue no detectable (negativo). <\/p>\n\n\n\n<p>Durante el aislamiento sanitario las personas no pueden salir de su hogar ni recibir visitas y deben cumplir con las medidas de prevenci\u00f3n indicadas por las autoridades sanitarias.<\/p>\n\n\n\n<p>Ante la presencia de fiebre mayor o igual a 37,5\u00b0 y s\u00edntomas respiratorios como tos, dolor de garganta, dificultad para respirar, adem\u00e1s de falta de gusto y olfato de reciente aparici\u00f3n, y tambi\u00e9n cefalea, diarrea y\/o v\u00f3mitos o al haber estado en contacto con un caso confirmado, se insta a la poblaci\u00f3n a que haga un contacto de inmediato con el sistema de salud contact\u00e1ndose con su centro de salud m\u00e1s cercano o comunic\u00e1ndose al 107 y evite el contacto social.<\/p>\n\n\n\n<p>Tambi\u00e9n se recuerda que se realiza el hisopado a los contactos estrechos de casos positivos que presenten s\u00edntomas o que tengan factores de riesgo (mayores de 60 a\u00f1os, embarazadas, inmunocomprometidos, enfermos oncol\u00f3gicos o dializados).<\/p>\n\n\n\n<p> Recordemos continuar respetando las medidas de distancia f\u00edsica y lavarnos frecuentemente las manos con agua y jab\u00f3n. Si necesitamos salir usemos el barbijo correctamente sin tocarlo ni tocarnos la cara.<\/p>\n\n\n\n<p> Respetar todos los protocolos vigentes y las actividades permitidas, y no realizar reuniones sociales o familiares evitando contacto estrecho con personas que no sean convivientes.<\/p>\n","protected":false},"excerpt":{"rendered":"<p>Informe del Ministerio de Salud de la provincia de Santiago del Estero.<\/p>\n","protected":false},"author":2,"featured_media":22476,"comment_status":"open","ping_status":"open","sticky":false,"template":"","format":"standard","meta":{"om_disable_all_campaigns":false,"_monsterinsights_skip_tracking":false,"_monsterinsights_sitenote_active":false,"_monsterinsights_sitenote_note":"","_monsterinsights_sitenote_category":0,"_uf_show_specific_survey":0,"_uf_disable_surveys":false,"jetpack_post_was_ever_published":false,"_jetpack_newsletter_access":"","_jetpack_dont_email_post_to_subs":false,"_jetpack_newsletter_tier_id":0,"_jetpack_memberships_contains_paywalled_content":false,"_jetpack_memberships_contains_paid_content":false,"footnotes":"","jetpack_publicize_message":"","jetpack_publicize_feature_enabled":true,"jetpack_social_post_already_shared":false,"jetpack_social_options":{"image_generator_settings":{"template":"highway","default_image_id":0,"font":"","enabled":false},"version":2}},"categories":[3],"tags":[],"class_list":["post-22475","post","type-post","status-publish","format-standard","has-post-thumbnail","hentry","category-salud"],"aioseo_notices":[],"views":4,"jetpack_publicize_connections":[],"jetpack_featured_media_url":"https:\/\/i0.wp.com\/elterritorialweb.com.ar\/web\/wp-content\/uploads\/2021\/05\/FB_IMG_16222599205592.jpg?fit=589%2C419&ssl=1","jetpack_sharing_enabled":true,"_links":{"self":[{"href":"https:\/\/elterritorialweb.com.ar\/web\/wp-json\/wp\/v2\/posts\/22475","targetHints":{"allow":["GET"]}}],"collection":[{"href":"https:\/\/elterritorialweb.com.ar\/web\/wp-json\/wp\/v2\/posts"}],"about":[{"href":"https:\/\/elterritorialweb.com.ar\/web\/wp-json\/wp\/v2\/types\/post"}],"author":[{"embeddable":true,"href":"https:\/\/elterritorialweb.com.ar\/web\/wp-json\/wp\/v2\/users\/2"}],"replies":[{"embeddable":true,"href":"https:\/\/elterritorialweb.com.ar\/web\/wp-json\/wp\/v2\/comments?post=22475"}],"version-history":[{"count":1,"href":"https:\/\/elterritorialweb.com.ar\/web\/wp-json\/wp\/v2\/posts\/22475\/revisions"}],"predecessor-version":[{"id":22477,"href":"https:\/\/elterritorialweb.com.ar\/web\/wp-json\/wp\/v2\/posts\/22475\/revisions\/22477"}],"wp:featuredmedia":[{"embeddable":true,"href":"https:\/\/elterritorialweb.com.ar\/web\/wp-json\/wp\/v2\/media\/22476"}],"wp:attachment":[{"href":"https:\/\/elterritorialweb.com.ar\/web\/wp-json\/wp\/v2\/media?parent=22475"}],"wp:term":[{"taxonomy":"category","embeddable":true,"href":"https:\/\/elterritorialweb.com.ar\/web\/wp-json\/wp\/v2\/categories?post=22475"},{"taxonomy":"post_tag","embeddable":true,"href":"https:\/\/elterritorialweb.com.ar\/web\/wp-json\/wp\/v2\/tags?post=22475"}],"curies":[{"name":"wp","href":"https:\/\/api.w.org\/{rel}","templated":true}]}}