{"id":22489,"date":"2021-05-29T22:07:22","date_gmt":"2021-05-29T22:07:22","guid":{"rendered":"http:\/\/elterritorialweb.com.ar\/web\/?p=22489"},"modified":"2021-05-29T22:07:25","modified_gmt":"2021-05-29T22:07:25","slug":"la-banda-desinfectan-taxis-y-radiotaxis-de-la-ciudad","status":"publish","type":"post","link":"https:\/\/elterritorialweb.com.ar\/web\/la-banda-desinfectan-taxis-y-radiotaxis-de-la-ciudad\/","title":{"rendered":"LA BANDA: DESINFECTAN TAXIS Y RADIOTAXIS DE LA CIUDAD"},"content":{"rendered":"\n<p>Durante la ma\u00f1ana, se realiz\u00f3 controles de la temperatura corporal de los choferes y se les entreg\u00f3 kits sanitizantes.<\/p>\n\n\n\n<p>El trabajo de desinfecci\u00f3n se realiz\u00f3 en avenida San Mart\u00edn entre 24 de Septiembre y Ram\u00f3n Ch\u00e1vez.<\/p>\n\n\n\n<p>En la oportunidad, el coordinador de la Direcci\u00f3n de Tr\u00e1nsito, Diego Ju\u00e1rez, inform\u00f3:&nbsp; \u00abEsta tarea se realiza con el objetivo de resguardar la salud de los trabajadores como tambi\u00e9n de los usuarios del servicio. La medida fue dispuesta por el intendente Pablo Mirolo como una de la medidas sanitarias implementadas para frenar los contagios de la segunda ola de COVID-19 y en respuesta al dialog\u00f3 permanente que la comuna sostiene con los trabajadores del transporte semi p\u00fablico de pasajeros\u00bb.<\/p>\n\n\n\n<p>Asimismo, el integrante de la Secretar\u00eda de Servicios P\u00fablicos, Fernando Nieto, indic\u00f3: \u00abLa desinfecci\u00f3n la realizamos con amonio cuaternario al 40% que es un desinfectante de amplio espectro utilizado en diferentes tipos de superficies. Hoy comenzamos con la desinfecci\u00f3n de los autos y seguiremos con los lugares donde cada empresa de radiotaxis tiene su base\u00bb.<\/p>\n","protected":false},"excerpt":{"rendered":"<p>La Direcci\u00f3n de Tr\u00e1nsito y Transporte Urbano de la Secretaria de Servicios P\u00fablicos de la Municipalidad de La Banda realiz\u00f3 una nueva jornada de desinfecci\u00f3n de las unidades de taxis y radiotaxis habilitados que operan en la ciudad.<\/p>\n","protected":false},"author":2,"featured_media":22490,"comment_status":"open","ping_status":"open","sticky":false,"template":"","format":"standard","meta":{"om_disable_all_campaigns":false,"_monsterinsights_skip_tracking":false,"_monsterinsights_sitenote_active":false,"_monsterinsights_sitenote_note":"","_monsterinsights_sitenote_category":0,"_uf_show_specific_survey":0,"_uf_disable_surveys":false,"jetpack_post_was_ever_published":false,"_jetpack_newsletter_access":"","_jetpack_dont_email_post_to_subs":false,"_jetpack_newsletter_tier_id":0,"_jetpack_memberships_contains_paywalled_content":false,"_jetpack_memberships_contains_paid_content":false,"footnotes":"","jetpack_publicize_message":"","jetpack_publicize_feature_enabled":true,"jetpack_social_post_already_shared":false,"jetpack_social_options":{"image_generator_settings":{"template":"highway","default_image_id":0,"font":"","enabled":false},"version":2}},"categories":[21],"tags":[],"class_list":["post-22489","post","type-post","status-publish","format-standard","has-post-thumbnail","hentry","category-locales"],"aioseo_notices":[],"views":4,"jetpack_publicize_connections":[],"jetpack_featured_media_url":"https:\/\/i0.wp.com\/elterritorialweb.com.ar\/web\/wp-content\/uploads\/2021\/05\/LA-BANDA-DESINFECCION-TAXIS.jpeg?fit=1030%2C771&ssl=1","jetpack_sharing_enabled":true,"_links":{"self":[{"href":"https:\/\/elterritorialweb.com.ar\/web\/wp-json\/wp\/v2\/posts\/22489","targetHints":{"allow":["GET"]}}],"collection":[{"href":"https:\/\/elterritorialweb.com.ar\/web\/wp-json\/wp\/v2\/posts"}],"about":[{"href":"https:\/\/elterritorialweb.com.ar\/web\/wp-json\/wp\/v2\/types\/post"}],"author":[{"embeddable":true,"href":"https:\/\/elterritorialweb.com.ar\/web\/wp-json\/wp\/v2\/users\/2"}],"replies":[{"embeddable":true,"href":"https:\/\/elterritorialweb.com.ar\/web\/wp-json\/wp\/v2\/comments?post=22489"}],"version-history":[{"count":1,"href":"https:\/\/elterritorialweb.com.ar\/web\/wp-json\/wp\/v2\/posts\/22489\/revisions"}],"predecessor-version":[{"id":22491,"href":"https:\/\/elterritorialweb.com.ar\/web\/wp-json\/wp\/v2\/posts\/22489\/revisions\/22491"}],"wp:featuredmedia":[{"embeddable":true,"href":"https:\/\/elterritorialweb.com.ar\/web\/wp-json\/wp\/v2\/media\/22490"}],"wp:attachment":[{"href":"https:\/\/elterritorialweb.com.ar\/web\/wp-json\/wp\/v2\/media?parent=22489"}],"wp:term":[{"taxonomy":"category","embeddable":true,"href":"https:\/\/elterritorialweb.com.ar\/web\/wp-json\/wp\/v2\/categories?post=22489"},{"taxonomy":"post_tag","embeddable":true,"href":"https:\/\/elterritorialweb.com.ar\/web\/wp-json\/wp\/v2\/tags?post=22489"}],"curies":[{"name":"wp","href":"https:\/\/api.w.org\/{rel}","templated":true}]}}