{"id":22492,"date":"2021-05-29T22:35:36","date_gmt":"2021-05-29T22:35:36","guid":{"rendered":"http:\/\/elterritorialweb.com.ar\/web\/?p=22492"},"modified":"2021-05-29T22:35:36","modified_gmt":"2021-05-29T22:35:36","slug":"el-gobernador-solicita-la-autorizacion-para-gestionar-la-compra-de-vacunas-contra-el-covid-19","status":"publish","type":"post","link":"https:\/\/elterritorialweb.com.ar\/web\/el-gobernador-solicita-la-autorizacion-para-gestionar-la-compra-de-vacunas-contra-el-covid-19\/","title":{"rendered":"EL GOBERNADOR SOLICITA LA AUTORIZACI\u00d3N PARA GESTIONAR LA COMPRA DE VACUNAS CONTRA EL COVID-19"},"content":{"rendered":"\n<p>La C\u00e1mara de Diputados de la provincia de Santiago del Estero recibir\u00e1 el proyecto de ley por el que, el gobernador Gerardo Zamora solicita autorizaci\u00f3n para comprar vacunas contra el coronavirus para fortalecer la campa\u00f1a de vacunaci\u00f3n ante el aumento de casos en el marco de la segunda ola del COVID.<\/p>\n\n\n\n<p>Seg\u00fan destaca el proyecto, el gobierno provincial buscar\u00e1\u00a0<strong>\u201crealizar negociaciones y celebrar los contratos necesarios para la adquisici\u00f3n de vacunas destinadas al plan de inoculaci\u00f3n contra el COVID 19\u201d.<\/strong><\/p>\n\n\n\n<p>De aprobarse, facultar\u00e1 al Poder Ejecutivo santiague\u00f1o, a trav\u00e9s del Ministerio de Salud y Jefatura de Gabinete de Ministros,\u00a0<strong>a suscribir, en los contratos que celebre conforme el procedimiento regulado en la presente ley, todos los actos administrativos previos y posteriores tendientes al efectivo cumplimiento de \u00e9stos, a modificar sus t\u00e9rminos, a realizar anticipos y a incluir otras cl\u00e1usulas acordes al mercado internacional de la vacuna para la prevenci\u00f3n de la enfermedad COVID-19, con el objeto de efectuar la adquisici\u00f3n de las<br>mismas\u00bb.<\/strong><\/p>\n\n\n\n<iframe data-src=\"https:\/\/drive.google.com\/file\/d\/1XlkR2u2pGsKDvHdN94J7cLP6ga2jtIM-\/preview\" width=\"640\" height=\"480\" src=\"data:image\/svg+xml;base64,PHN2ZyB3aWR0aD0iMSIgaGVpZ2h0PSIxIiB4bWxucz0iaHR0cDovL3d3dy53My5vcmcvMjAwMC9zdmciPjwvc3ZnPg==\" class=\"lazyload\" data-load-mode=\"1\"><\/iframe>\n\n\n\n<p><\/p>\n","protected":false},"excerpt":{"rendered":"<p>El Gobernador de la provincia, Dr. Gerardo Zamora envi\u00f3 un Proyecto de Ley a la Legislatura provincial para que autorice al Poder Ejecutivo a gestionar y concretar la adquisici\u00f3n de vacunas destinadas al plan de inoculaci\u00f3n contra el COVID 19.<\/p>\n","protected":false},"author":2,"featured_media":17709,"comment_status":"open","ping_status":"open","sticky":false,"template":"","format":"standard","meta":{"om_disable_all_campaigns":false,"_monsterinsights_skip_tracking":false,"_monsterinsights_sitenote_active":false,"_monsterinsights_sitenote_note":"","_monsterinsights_sitenote_category":0,"_uf_show_specific_survey":0,"_uf_disable_surveys":false,"jetpack_post_was_ever_published":false,"_jetpack_newsletter_access":"","_jetpack_dont_email_post_to_subs":false,"_jetpack_newsletter_tier_id":0,"_jetpack_memberships_contains_paywalled_content":false,"_jetpack_memberships_contains_paid_content":false,"footnotes":"","jetpack_publicize_message":"","jetpack_publicize_feature_enabled":true,"jetpack_social_post_already_shared":false,"jetpack_social_options":{"image_generator_settings":{"template":"highway","default_image_id":0,"font":"","enabled":false},"version":2}},"categories":[3],"tags":[],"class_list":["post-22492","post","type-post","status-publish","format-standard","has-post-thumbnail","hentry","category-salud"],"aioseo_notices":[],"views":6,"jetpack_publicize_connections":[],"jetpack_featured_media_url":"https:\/\/i0.wp.com\/elterritorialweb.com.ar\/web\/wp-content\/uploads\/2021\/03\/VACUNACION-A-DOCENTES.jpg?fit=1080%2C704&ssl=1","jetpack_sharing_enabled":true,"_links":{"self":[{"href":"https:\/\/elterritorialweb.com.ar\/web\/wp-json\/wp\/v2\/posts\/22492","targetHints":{"allow":["GET"]}}],"collection":[{"href":"https:\/\/elterritorialweb.com.ar\/web\/wp-json\/wp\/v2\/posts"}],"about":[{"href":"https:\/\/elterritorialweb.com.ar\/web\/wp-json\/wp\/v2\/types\/post"}],"author":[{"embeddable":true,"href":"https:\/\/elterritorialweb.com.ar\/web\/wp-json\/wp\/v2\/users\/2"}],"replies":[{"embeddable":true,"href":"https:\/\/elterritorialweb.com.ar\/web\/wp-json\/wp\/v2\/comments?post=22492"}],"version-history":[{"count":1,"href":"https:\/\/elterritorialweb.com.ar\/web\/wp-json\/wp\/v2\/posts\/22492\/revisions"}],"predecessor-version":[{"id":22493,"href":"https:\/\/elterritorialweb.com.ar\/web\/wp-json\/wp\/v2\/posts\/22492\/revisions\/22493"}],"wp:featuredmedia":[{"embeddable":true,"href":"https:\/\/elterritorialweb.com.ar\/web\/wp-json\/wp\/v2\/media\/17709"}],"wp:attachment":[{"href":"https:\/\/elterritorialweb.com.ar\/web\/wp-json\/wp\/v2\/media?parent=22492"}],"wp:term":[{"taxonomy":"category","embeddable":true,"href":"https:\/\/elterritorialweb.com.ar\/web\/wp-json\/wp\/v2\/categories?post=22492"},{"taxonomy":"post_tag","embeddable":true,"href":"https:\/\/elterritorialweb.com.ar\/web\/wp-json\/wp\/v2\/tags?post=22492"}],"curies":[{"name":"wp","href":"https:\/\/api.w.org\/{rel}","templated":true}]}}