{"id":22494,"date":"2021-05-29T22:55:40","date_gmt":"2021-05-29T22:55:40","guid":{"rendered":"http:\/\/elterritorialweb.com.ar\/web\/?p=22494"},"modified":"2021-05-29T22:55:42","modified_gmt":"2021-05-29T22:55:42","slug":"avanza-en-el-pais-la-vacunacion-contra-la-gripe-y-el-neumococo","status":"publish","type":"post","link":"https:\/\/elterritorialweb.com.ar\/web\/avanza-en-el-pais-la-vacunacion-contra-la-gripe-y-el-neumococo\/","title":{"rendered":"AVANZA EN EL PA\u00cdS LA VACUNACI\u00d3N CONTRA LA GRIPE Y EL NEUMOCOCO"},"content":{"rendered":"\n<p>Con el fin de disminuir complicaciones graves y hospitalizaciones relacionadas con las enfermedades respiratorias, todas las personas que tienen condiciones de riesgo deben vacunarse contra la gripe e iniciar o completar el esquema de la vacuna contra el neumococo. Las vacunas se encuentran disponibles en todos los vacunatorios y centros de salud del pa\u00eds y son gratuitas para los grupos de riesgo.<\/p>\n\n\n\n<p>\u201cEl a\u00f1o pasado la vigilancia de laboratorio evidenci\u00f3 que el SARS-CoV-2 desplaz\u00f3 la circulaci\u00f3n de los otros virus respiratorios y casi no circul\u00f3 el virus de la gripe, pero este a\u00f1o creemos que s\u00ed lo har\u00e1\u201d, advirti\u00f3 la ministra de Salud de la Naci\u00f3n, Carla Vizzotti.<\/p>\n\n\n\n<p>En ese sentido, la funcionaria enfatiz\u00f3 que \u201ces de vital relevancia que las personas que integran los grupos de riesgo sepan que el Estado nacional ya distribuy\u00f3 5.602.240 dosis de vacuna antigripal a las jurisdicciones para avanzar con la vacunaci\u00f3n antes de la llegada de los fr\u00edos m\u00e1s intensos y proteger a los m\u00e1s vulnerables de complicaciones graves y de esta manera no sobrecargar a\u00fan m\u00e1s el sistema de salud que se encuentra en tensi\u00f3n por la atenci\u00f3n de pacientes COVID-19\u201d.<\/p>\n\n\n\n<p>La vacuna antigripal est\u00e1 indicada para el personal de salud, los mayores de 65 a\u00f1os, personas gestantes y pu\u00e9rperas, ni\u00f1as y ni\u00f1os de 6 a 24 meses y personas de 2 a 64 a\u00f1os con distintas condiciones como obesidad, diabetes, enfermedades respiratorias, enfermedades card\u00edacas, inmunodeficiencias cong\u00e9nitas o adquiridas, pacientes oncohematol\u00f3gicos, trasplantados o personas con insuficiencia renal cr\u00f3nica en di\u00e1lisis.<\/p>\n\n\n\n<p>Al momento, el avance de meta arroja que en todo el pa\u00eds ya se aplic\u00f3 la vacuna antigripal el 36,2 % del personal de salud, el 11,2% de las embarazadas, y el 11,2 % de los ni\u00f1os entre 6 meses y dos a\u00f1os tienen la primera dosis y el 6,1% el esquema completo con la segunda dosis.<\/p>\n\n\n\n<p>En tanto, la vacuna que protege contra el neumococo -una bacteria que puede producir enfermedades graves como neumon\u00eda y meningitis-, tambi\u00e9n est\u00e1 disponible de manera gratuita para los menores de 2 a\u00f1os, los adultos mayores de 65 a\u00f1os, y aquellas personas con trastornos en su sistema inmunol\u00f3gico o enfermedades cr\u00f3nicas respiratorias, card\u00edacas, renales, hep\u00e1ticas y diabetes, entre otras, que integran los grupos de riesgo.<\/p>\n\n\n\n<p>Recomendaciones importantes vacunaci\u00f3n en contexto de COVID-19:<\/p>\n\n\n\n<p>. La vacuna contra la gripe y el neumococo se pueden dar en forma simult\u00e1nea con otras vacunas del Calendario Nacional de Vacunaci\u00f3n.<\/p>\n\n\n\n<p>. La recomendaci\u00f3n actual de los especialistas es respetar un intervalo m\u00ednimo de 14 d\u00edas entre la aplicaci\u00f3n de la dosis de vacuna contra el coronavirus y cualquier otra vacuna.<\/p>\n\n\n\n<p>. En el caso de contar con turno asignado para vacunarse contra SARS-CoV-2, se debe priorizar dicha aplicaci\u00f3n por sobre la inmunizaci\u00f3n contra la gripe o el neumococo.<\/p>\n\n\n\n<p>. Con el fin de minimizar los riesgos en el marco de la segunda ola de coronavirus que afecta a nuestro pa\u00eds, aquellas personas que se acerquen a los centros de salud para la vacunaci\u00f3n deben usar adecuadamente el barbijo y respetar el distanciamiento social para evitar aglomeraciones.<\/p>\n\n\n\n<p>. Tambi\u00e9n se solicita llevar el carnet de vacunaci\u00f3n (o el de sus hijos o hijas), para que el vacunador pueda chequearlo.<\/p>\n\n\n\n<p>En la actualidad, lograr coberturas de vacunas del Calendario Nacional de Vacunaci\u00f3n representa un enorme desaf\u00edo para los equipos de salud de todo el pa\u00eds, ya que en este a\u00f1o la vacunaci\u00f3n se desarrolla en forma simult\u00e1nea con el plan de vacunaci\u00f3n contra la COVID-19.<\/p>\n","protected":false},"excerpt":{"rendered":"<p>Como todos los a\u00f1os, las personas que pertenecen a los grupos de riesgo pueden aplicarse la vacuna antigripal, mientras que aquellos que no hayan completado el esquema contra el neumococo tambi\u00e9n lo pueden realizar. En caso de haber recibido alguna dosis de vacuna contra la COVID-19 se debe respetar un intervalo de 14 d\u00edas<\/p>\n","protected":false},"author":2,"featured_media":22495,"comment_status":"open","ping_status":"open","sticky":false,"template":"","format":"standard","meta":{"om_disable_all_campaigns":false,"_monsterinsights_skip_tracking":false,"_monsterinsights_sitenote_active":false,"_monsterinsights_sitenote_note":"","_monsterinsights_sitenote_category":0,"_uf_show_specific_survey":0,"_uf_disable_surveys":false,"jetpack_post_was_ever_published":false,"_jetpack_newsletter_access":"","_jetpack_dont_email_post_to_subs":false,"_jetpack_newsletter_tier_id":0,"_jetpack_memberships_contains_paywalled_content":false,"_jetpack_memberships_contains_paid_content":false,"footnotes":"","jetpack_publicize_message":"","jetpack_publicize_feature_enabled":true,"jetpack_social_post_already_shared":false,"jetpack_social_options":{"image_generator_settings":{"template":"highway","default_image_id":0,"font":"","enabled":false},"version":2}},"categories":[3],"tags":[],"class_list":["post-22494","post","type-post","status-publish","format-standard","has-post-thumbnail","hentry","category-salud"],"aioseo_notices":[],"views":5,"jetpack_publicize_connections":[],"jetpack_featured_media_url":"https:\/\/i0.wp.com\/elterritorialweb.com.ar\/web\/wp-content\/uploads\/2021\/05\/VACUNA-CONTRA-GRIPE-Y-NEUMOCOCO.jpg?fit=680%2C383&ssl=1","jetpack_sharing_enabled":true,"_links":{"self":[{"href":"https:\/\/elterritorialweb.com.ar\/web\/wp-json\/wp\/v2\/posts\/22494","targetHints":{"allow":["GET"]}}],"collection":[{"href":"https:\/\/elterritorialweb.com.ar\/web\/wp-json\/wp\/v2\/posts"}],"about":[{"href":"https:\/\/elterritorialweb.com.ar\/web\/wp-json\/wp\/v2\/types\/post"}],"author":[{"embeddable":true,"href":"https:\/\/elterritorialweb.com.ar\/web\/wp-json\/wp\/v2\/users\/2"}],"replies":[{"embeddable":true,"href":"https:\/\/elterritorialweb.com.ar\/web\/wp-json\/wp\/v2\/comments?post=22494"}],"version-history":[{"count":1,"href":"https:\/\/elterritorialweb.com.ar\/web\/wp-json\/wp\/v2\/posts\/22494\/revisions"}],"predecessor-version":[{"id":22496,"href":"https:\/\/elterritorialweb.com.ar\/web\/wp-json\/wp\/v2\/posts\/22494\/revisions\/22496"}],"wp:featuredmedia":[{"embeddable":true,"href":"https:\/\/elterritorialweb.com.ar\/web\/wp-json\/wp\/v2\/media\/22495"}],"wp:attachment":[{"href":"https:\/\/elterritorialweb.com.ar\/web\/wp-json\/wp\/v2\/media?parent=22494"}],"wp:term":[{"taxonomy":"category","embeddable":true,"href":"https:\/\/elterritorialweb.com.ar\/web\/wp-json\/wp\/v2\/categories?post=22494"},{"taxonomy":"post_tag","embeddable":true,"href":"https:\/\/elterritorialweb.com.ar\/web\/wp-json\/wp\/v2\/tags?post=22494"}],"curies":[{"name":"wp","href":"https:\/\/api.w.org\/{rel}","templated":true}]}}