{"id":22497,"date":"2021-05-29T23:01:48","date_gmt":"2021-05-29T23:01:48","guid":{"rendered":"http:\/\/elterritorialweb.com.ar\/web\/?p=22497"},"modified":"2021-05-29T23:01:49","modified_gmt":"2021-05-29T23:01:49","slug":"vacunas-cubanas-el-presidente-diaz-canel-recibio-a-la-ministra-carla-vizzotti-en-la-habana","status":"publish","type":"post","link":"https:\/\/elterritorialweb.com.ar\/web\/vacunas-cubanas-el-presidente-diaz-canel-recibio-a-la-ministra-carla-vizzotti-en-la-habana\/","title":{"rendered":"VACUNAS CUBANAS: EL PRESIDENTE D\u00cdAZ- CANEL RECIBI\u00d3 A LA MINISTRA CARLA VIZZOTTI EN LA HABANA"},"content":{"rendered":"\n<p>\u201cHablamos del proyecto com\u00fan y de trabajar no s\u00f3lo para poner en valor una vacuna totalmente desarrollada, producida y aplicada en Latinoam\u00e9rica, sino tambi\u00e9n hacerlo en otros ejes de lo que es salud y la ciencia y tecnolog\u00eda\u201d, se\u00f1al\u00f3 la ministra, quien viaj\u00f3 a Cuba junto a la asesora presidencial Cecilia Nicolini.<\/p>\n\n\n\n<p>La responsable de la cartera sanitaria expres\u00f3 que la Argentina \u201cest\u00e1 trabajando fuerte para estrechar los lazos, acceder a la vacuna, pero sobre todo colaborar en todo lo que pueda, tanto desde lo que es la provisi\u00f3n de insumos, la posibilidad de la compra y el apoyo para escalar la producci\u00f3n y avanzar con nuestra entidad regulatoria y la de Cuba estudiar los an\u00e1lisis interinos de Fase 3 y ampliar la posibilidad de investigaci\u00f3n en escenarios como nuestro pa\u00eds, que le puede dar un rol a la vacuna tambi\u00e9n muy interesante\u201d.<\/p>\n\n\n\n<p>Del encuentro, que tuvo lugar en el Palacio de la Revoluci\u00f3n, tambi\u00e9n participaron por Cuba el viceprimer ministro Jorge Perdomo Di Lella; el ministro de Salud, Jos\u00e9 Portal; la viceministra de Relaciones Exteriores, Ana Teresita Gonz\u00e1lez Fraga; y Eduardo Mart\u00ednez D\u00edaz, titular de BioCubaFarma, la empresa de las Industrias Biotecnol\u00f3gica y Farmac\u00e9utica. Por Argentina tambi\u00e9n asisti\u00f3 el embajador en La Habana, Luis Alberto Larregui.<\/p>\n\n\n\n<p>Vizzotti explic\u00f3 que poner en valor la vacuna abarca \u201cdesde la investigaci\u00f3n b\u00e1sica hasta la producci\u00f3n y cerrando el c\u00edrculo virtuoso aplic\u00e1ndosela a la poblaci\u00f3n, de c\u00f3mo la gente recibe con mucha esperanza la vacuna, como en la Argentina\u201d.<\/p>\n\n\n\n<p>Por \u00faltimo, calific\u00f3 a la reuni\u00f3n de \u201cmuy productiva\u201d y remarc\u00f3 la invitaci\u00f3n que D\u00edaz-Canel le hizo llegar por su intermedio al presidente Alberto Fern\u00e1ndez para que visite la isla caribe\u00f1a \u201cen agosto, cuando un porcentaje muy importante de la poblaci\u00f3n ya est\u00e9 vacunada en ambos pa\u00edses\u201d.<\/p>\n\n\n\n<p>Vizzotti y Nicolini tambi\u00e9n recorrieron ayer la planta de elaboraci\u00f3n del Centro de Ingenier\u00eda Gen\u00e9tica y Biotecnolog\u00eda de Cuba con el objetivo de conocer las caracter\u00edsticas y los resultados de las vacunas Soberana02 y Abdala.<\/p>\n","protected":false},"excerpt":{"rendered":"<p>La ministra de Salud, Carla Vizzotti, se reuni\u00f3 hoy en La Habana con el presidente de Cuba, Miguel D\u00edaz-Canel Berm\u00fadez, en el marco de la visita que realiza a ese pa\u00eds en representaci\u00f3n del Gobierno nacional, con la finalidad de interiorizarse sobre el avance en la elaboraci\u00f3n de las vacunas Soberana02 y Abdala contra el Covid-19.<\/p>\n","protected":false},"author":2,"featured_media":22498,"comment_status":"open","ping_status":"open","sticky":false,"template":"","format":"standard","meta":{"om_disable_all_campaigns":false,"_monsterinsights_skip_tracking":false,"_monsterinsights_sitenote_active":false,"_monsterinsights_sitenote_note":"","_monsterinsights_sitenote_category":0,"_uf_show_specific_survey":0,"_uf_disable_surveys":false,"jetpack_post_was_ever_published":false,"_jetpack_newsletter_access":"","_jetpack_dont_email_post_to_subs":false,"_jetpack_newsletter_tier_id":0,"_jetpack_memberships_contains_paywalled_content":false,"_jetpack_memberships_contains_paid_content":false,"footnotes":"","jetpack_publicize_message":"","jetpack_publicize_feature_enabled":true,"jetpack_social_post_already_shared":false,"jetpack_social_options":{"image_generator_settings":{"template":"highway","default_image_id":0,"font":"","enabled":false},"version":2}},"categories":[3],"tags":[],"class_list":["post-22497","post","type-post","status-publish","format-standard","has-post-thumbnail","hentry","category-salud"],"aioseo_notices":[],"views":7,"jetpack_publicize_connections":[],"jetpack_featured_media_url":"https:\/\/i0.wp.com\/elterritorialweb.com.ar\/web\/wp-content\/uploads\/2021\/05\/VIZZOTTI-EN-CUBA.jpeg?fit=1024%2C767&ssl=1","jetpack_sharing_enabled":true,"_links":{"self":[{"href":"https:\/\/elterritorialweb.com.ar\/web\/wp-json\/wp\/v2\/posts\/22497","targetHints":{"allow":["GET"]}}],"collection":[{"href":"https:\/\/elterritorialweb.com.ar\/web\/wp-json\/wp\/v2\/posts"}],"about":[{"href":"https:\/\/elterritorialweb.com.ar\/web\/wp-json\/wp\/v2\/types\/post"}],"author":[{"embeddable":true,"href":"https:\/\/elterritorialweb.com.ar\/web\/wp-json\/wp\/v2\/users\/2"}],"replies":[{"embeddable":true,"href":"https:\/\/elterritorialweb.com.ar\/web\/wp-json\/wp\/v2\/comments?post=22497"}],"version-history":[{"count":1,"href":"https:\/\/elterritorialweb.com.ar\/web\/wp-json\/wp\/v2\/posts\/22497\/revisions"}],"predecessor-version":[{"id":22499,"href":"https:\/\/elterritorialweb.com.ar\/web\/wp-json\/wp\/v2\/posts\/22497\/revisions\/22499"}],"wp:featuredmedia":[{"embeddable":true,"href":"https:\/\/elterritorialweb.com.ar\/web\/wp-json\/wp\/v2\/media\/22498"}],"wp:attachment":[{"href":"https:\/\/elterritorialweb.com.ar\/web\/wp-json\/wp\/v2\/media?parent=22497"}],"wp:term":[{"taxonomy":"category","embeddable":true,"href":"https:\/\/elterritorialweb.com.ar\/web\/wp-json\/wp\/v2\/categories?post=22497"},{"taxonomy":"post_tag","embeddable":true,"href":"https:\/\/elterritorialweb.com.ar\/web\/wp-json\/wp\/v2\/tags?post=22497"}],"curies":[{"name":"wp","href":"https:\/\/api.w.org\/{rel}","templated":true}]}}