{"id":22514,"date":"2021-05-30T01:55:32","date_gmt":"2021-05-30T01:55:32","guid":{"rendered":"http:\/\/elterritorialweb.com.ar\/web\/?p=22514"},"modified":"2021-05-30T01:55:32","modified_gmt":"2021-05-30T01:55:32","slug":"la-casa-de-gobierno-iluminada-en-adhesion-al-dia-mundial-de-la-escleorosis-multiple","status":"publish","type":"post","link":"https:\/\/elterritorialweb.com.ar\/web\/la-casa-de-gobierno-iluminada-en-adhesion-al-dia-mundial-de-la-escleorosis-multiple\/","title":{"rendered":"LA CASA DE GOBIERNO ILUMINADA EN ADHESI\u00d3N AL \u00abD\u00cdA MUNDIAL DE LA ESCLEOROSIS M\u00daLTIPLE\u00bb"},"content":{"rendered":"\n<p>La casa de gobierno se encuentra iluminada en adhesi\u00f3n al D\u00eda Mundial de la Esclerosis M\u00faltiple, que se realiza cada 30 de Mayo, y es una efem\u00e9ride impulsada por la Federaci\u00f3n Internacional de Esclerosis M\u00faltiple para concienciar a la poblaci\u00f3n sobre esta enfermedad que afecta a m\u00e1s de dos millones de personas en el mundo. En nuestra provincia la consigna es Iluminemos Latinoam\u00e9rica por la Esclerosis M\u00faltiple<\/p>\n","protected":false},"excerpt":{"rendered":"<p>EFEMERIDES<\/p>\n","protected":false},"author":2,"featured_media":22515,"comment_status":"open","ping_status":"open","sticky":false,"template":"","format":"standard","meta":{"om_disable_all_campaigns":false,"_monsterinsights_skip_tracking":false,"_monsterinsights_sitenote_active":false,"_monsterinsights_sitenote_note":"","_monsterinsights_sitenote_category":0,"_uf_show_specific_survey":0,"_uf_disable_surveys":false,"jetpack_post_was_ever_published":false,"_jetpack_newsletter_access":"","_jetpack_dont_email_post_to_subs":false,"_jetpack_newsletter_tier_id":0,"_jetpack_memberships_contains_paywalled_content":false,"_jetpack_memberships_contains_paid_content":false,"footnotes":"","jetpack_publicize_message":"","jetpack_publicize_feature_enabled":true,"jetpack_social_post_already_shared":false,"jetpack_social_options":{"image_generator_settings":{"template":"highway","default_image_id":0,"font":"","enabled":false},"version":2}},"categories":[21],"tags":[],"class_list":["post-22514","post","type-post","status-publish","format-standard","has-post-thumbnail","hentry","category-locales"],"aioseo_notices":[],"views":7,"jetpack_publicize_connections":[],"jetpack_featured_media_url":"https:\/\/i0.wp.com\/elterritorialweb.com.ar\/web\/wp-content\/uploads\/2021\/05\/CASA-DE-GOBIERNO-ILUMINADA.jpg?fit=960%2C1280&ssl=1","jetpack_sharing_enabled":true,"_links":{"self":[{"href":"https:\/\/elterritorialweb.com.ar\/web\/wp-json\/wp\/v2\/posts\/22514","targetHints":{"allow":["GET"]}}],"collection":[{"href":"https:\/\/elterritorialweb.com.ar\/web\/wp-json\/wp\/v2\/posts"}],"about":[{"href":"https:\/\/elterritorialweb.com.ar\/web\/wp-json\/wp\/v2\/types\/post"}],"author":[{"embeddable":true,"href":"https:\/\/elterritorialweb.com.ar\/web\/wp-json\/wp\/v2\/users\/2"}],"replies":[{"embeddable":true,"href":"https:\/\/elterritorialweb.com.ar\/web\/wp-json\/wp\/v2\/comments?post=22514"}],"version-history":[{"count":1,"href":"https:\/\/elterritorialweb.com.ar\/web\/wp-json\/wp\/v2\/posts\/22514\/revisions"}],"predecessor-version":[{"id":22516,"href":"https:\/\/elterritorialweb.com.ar\/web\/wp-json\/wp\/v2\/posts\/22514\/revisions\/22516"}],"wp:featuredmedia":[{"embeddable":true,"href":"https:\/\/elterritorialweb.com.ar\/web\/wp-json\/wp\/v2\/media\/22515"}],"wp:attachment":[{"href":"https:\/\/elterritorialweb.com.ar\/web\/wp-json\/wp\/v2\/media?parent=22514"}],"wp:term":[{"taxonomy":"category","embeddable":true,"href":"https:\/\/elterritorialweb.com.ar\/web\/wp-json\/wp\/v2\/categories?post=22514"},{"taxonomy":"post_tag","embeddable":true,"href":"https:\/\/elterritorialweb.com.ar\/web\/wp-json\/wp\/v2\/tags?post=22514"}],"curies":[{"name":"wp","href":"https:\/\/api.w.org\/{rel}","templated":true}]}}