{"id":22517,"date":"2021-05-30T02:06:03","date_gmt":"2021-05-30T02:06:03","guid":{"rendered":"http:\/\/elterritorialweb.com.ar\/web\/?p=22517"},"modified":"2021-05-30T02:06:05","modified_gmt":"2021-05-30T02:06:05","slug":"a-partir-del-lunes-31-de-mayo-la-circulacion-sera-de-6-a-22-horas-en-santiago-del-estero","status":"publish","type":"post","link":"https:\/\/elterritorialweb.com.ar\/web\/a-partir-del-lunes-31-de-mayo-la-circulacion-sera-de-6-a-22-horas-en-santiago-del-estero\/","title":{"rendered":"A PARTIR DEL LUNES 31 DE MAYO, LA CIRCULACI\u00d3N SER\u00c1 DE 6 A 22 HORAS EN SANTIAGO DEL ESTERO"},"content":{"rendered":"\n<p>El&nbsp;<strong>Comit\u00e9 Operativo de Emergencia<\/strong>&nbsp;mantuvo una nueva reuni\u00f3n este s\u00e1bado y decidi\u00f3 ampliar el horario de circulaci\u00f3n desde<strong>&nbsp;este lunes 31 de mayo hasta el pr\u00f3ximo viernes 4 de junio.<\/strong>&nbsp;En un comunicado, que lleva la firma del jefe de Gabinete El\u00edas Su\u00e1rez y la Ministra Natividad Nassif, se refirieron a la situaci\u00f3n apidemiol\u00f3gica por el coronavirus en Santiago del Estero.<\/p>\n\n\n\n<p>A partir de las 0 de d\u00eda lunes 31 de mayo, y hasta el d\u00eda viernes 04 de junio estar\u00e1 permitido circular de 06 hasta las 22 hs; y&nbsp;<strong>dentro de ese horario la actividad comercial tal cual estaba hasta el 21 de mayo<\/strong>, con el cumplimiento estricto de los protocolos vigentes.<\/p>\n\n\n\n<p>Por otra parte, el COE inform\u00f3 que la ocupaci\u00f3n de camas UTI-UCI est\u00e1 en un 90% de ocuaci\u00f3n y las camas leves y moderados, por coronavirus, en el 60%.<\/p>\n\n\n\n<p><strong><em>Aqu\u00ed las nuevas medidas dispuestas por el COE:<\/em><\/strong><\/p>\n\n\n\n<p><em>1) # Resumen semanal: (desde el Lunes 24\/05 al Sabado 29\/05 inclusive):<br>-El &nbsp;n\u00famero de casos fue de &nbsp;3.972 positivos.<br>-El promedio diario de contagios &nbsp;en estos 6 d\u00edas fue de 662.<br>-El porcentaje de ocupaci\u00f3n de camas Covid:<br>a) UTI -UCI: 90%<br>b) Camas Covid leves y moderados: 60%.<br><br>2) # Vacunaci\u00f3n: hasta el presente se van aplicando m\u00e1s de 240.000 dosis en toda la provincia.<br>Durante esta pr\u00f3xima &nbsp;semana se intensificar\u00e1 sustancialmente la campa\u00f1a de vacunaci\u00f3n, bajando el rango de edad de personas a vacunarse.<br><br>3)# NUEVAS MEDIDAS.<br>A partir de las 00 hs de d\u00eda lunes 31 de mayo, y hasta el d\u00eda viernes 04 de junio, &nbsp;rigen las siguientes medidas en toda la provincia:<br><br># El Horario permitido de circulaci\u00f3n sera de 06 hs hasta las 22 hs; y dentro de ese horario la actividad comercial tal cual estaba hasta el 21\/5 (con el cumplimiento estricto de los protocolos vigentes) entre ellos.<br>Se recuerda:<br>a) Distanciamiento de 2 metros en los comercios.<br>b) Bares y Restaurantes con aforo del 30% y distanciamiento de 2 metros entre mesas y con maximo de 4 personas por &nbsp;mesa.<br>c) Actividades Religiosas con un 30% de aforo, y hasta un maximo de 20 personas.<br>d) Deportes (solo no competitivos) &nbsp;hasta 10 personas, sin vestuarios ni cantinas.<br><br># Tambi\u00e9n, durante este periodo de tiempo y en toda la provincia:<br>-no habr\u00e1 trasporte colectivo de pasajeros, y el &nbsp; Transporte de modalidad de taxis y Remises deber\u00e1 circular solo con dos pasajeros como &nbsp;m\u00e1ximo y en la parte trasera del veh\u00edculo.<br>-Habra solo Clases \u201cmodalidad no presencial\u201d.<br>-y no est\u00e1n habilitados, Bingos, Salones de fiestas, Hipodromo y toda actividad turfistica; competencias deportivas (Excepto las profesionales autorizadas por disposici\u00f3n nacional ).<br><br>4) Los d\u00edas s\u00e1bado 05\/06 y domingo 06\/06 se restablecen las medidas dispuestas por el DNU n\u00b0 334\/21 que dispone la limitaci\u00f3n de actividades, solo para &nbsp;escenciales con horario entre las 6 hs y 18 hs .<br><br>5) Continuan prohibidas las reuniones sociales en lugares p\u00fablicos o privados, y tambien las reuniones &nbsp;en casas de familia, entre no convivientes; recordando que dicha conducta, no solo significa favorecer la transmisi\u00f3n &nbsp;viral por contacto estrecho, sino tambi\u00e9n implica incurrir en las sanciones &nbsp;previstas &nbsp;en el art 205 del C\u00f3digo Penal.<br><br>6) Por \u00faltimo, tambi\u00e9n se recuerda que las personas notificadas como positivas de Covid y sus contactos estrechos deben mantener estricto aislamiento domiciliario por 14 d\u00edas, y que la violacion de esa disposici\u00f3n significa un grave delito, previsto en el C\u00f3digo Penal (art 202) con una sanci\u00f3n de reclusi\u00f3n o prision de 3 a 15 a\u00f1os.<br><br>Firman: Elias Suarez, Jefe de Gabinete de Ministros &#8211; Natividad Nassif, Ministra de Salud<\/em><\/p>\n","protected":false},"excerpt":{"rendered":"<p>Lo confirmo este s\u00e1bado, el Comit\u00e9 de Emergencia de la provincia de Santiago del Estero.<\/p>\n","protected":false},"author":2,"featured_media":18832,"comment_status":"open","ping_status":"open","sticky":false,"template":"","format":"standard","meta":{"om_disable_all_campaigns":false,"_monsterinsights_skip_tracking":false,"_monsterinsights_sitenote_active":false,"_monsterinsights_sitenote_note":"","_monsterinsights_sitenote_category":0,"_uf_show_specific_survey":0,"_uf_disable_surveys":false,"jetpack_post_was_ever_published":false,"_jetpack_newsletter_access":"","_jetpack_dont_email_post_to_subs":false,"_jetpack_newsletter_tier_id":0,"_jetpack_memberships_contains_paywalled_content":false,"_jetpack_memberships_contains_paid_content":false,"footnotes":"","jetpack_publicize_message":"","jetpack_publicize_feature_enabled":true,"jetpack_social_post_already_shared":false,"jetpack_social_options":{"image_generator_settings":{"template":"highway","default_image_id":0,"font":"","enabled":false},"version":2}},"categories":[21],"tags":[],"class_list":["post-22517","post","type-post","status-publish","format-standard","has-post-thumbnail","hentry","category-locales"],"aioseo_notices":[],"views":5,"jetpack_publicize_connections":[],"jetpack_featured_media_url":"https:\/\/i0.wp.com\/elterritorialweb.com.ar\/web\/wp-content\/uploads\/2021\/03\/REPORTE-DIARIO-21-DE-MARZO.jpg?fit=1280%2C918&ssl=1","jetpack_sharing_enabled":true,"_links":{"self":[{"href":"https:\/\/elterritorialweb.com.ar\/web\/wp-json\/wp\/v2\/posts\/22517","targetHints":{"allow":["GET"]}}],"collection":[{"href":"https:\/\/elterritorialweb.com.ar\/web\/wp-json\/wp\/v2\/posts"}],"about":[{"href":"https:\/\/elterritorialweb.com.ar\/web\/wp-json\/wp\/v2\/types\/post"}],"author":[{"embeddable":true,"href":"https:\/\/elterritorialweb.com.ar\/web\/wp-json\/wp\/v2\/users\/2"}],"replies":[{"embeddable":true,"href":"https:\/\/elterritorialweb.com.ar\/web\/wp-json\/wp\/v2\/comments?post=22517"}],"version-history":[{"count":1,"href":"https:\/\/elterritorialweb.com.ar\/web\/wp-json\/wp\/v2\/posts\/22517\/revisions"}],"predecessor-version":[{"id":22518,"href":"https:\/\/elterritorialweb.com.ar\/web\/wp-json\/wp\/v2\/posts\/22517\/revisions\/22518"}],"wp:featuredmedia":[{"embeddable":true,"href":"https:\/\/elterritorialweb.com.ar\/web\/wp-json\/wp\/v2\/media\/18832"}],"wp:attachment":[{"href":"https:\/\/elterritorialweb.com.ar\/web\/wp-json\/wp\/v2\/media?parent=22517"}],"wp:term":[{"taxonomy":"category","embeddable":true,"href":"https:\/\/elterritorialweb.com.ar\/web\/wp-json\/wp\/v2\/categories?post=22517"},{"taxonomy":"post_tag","embeddable":true,"href":"https:\/\/elterritorialweb.com.ar\/web\/wp-json\/wp\/v2\/tags?post=22517"}],"curies":[{"name":"wp","href":"https:\/\/api.w.org\/{rel}","templated":true}]}}