{"id":22520,"date":"2021-05-30T02:56:57","date_gmt":"2021-05-30T02:56:57","guid":{"rendered":"http:\/\/elterritorialweb.com.ar\/web\/?p=22520"},"modified":"2021-05-30T02:56:58","modified_gmt":"2021-05-30T02:56:58","slug":"macri-en-la-noche-de-mirtha-la-democracia-esta-en-riesgo-todos-los-dias","status":"publish","type":"post","link":"https:\/\/elterritorialweb.com.ar\/web\/macri-en-la-noche-de-mirtha-la-democracia-esta-en-riesgo-todos-los-dias\/","title":{"rendered":"MACRI EN LA NOCHE DE MIRTHA: \u00abLA DEMOCRACIA ESTA EN RIESGO TODOS LOS D\u00cdAS\u00bb"},"content":{"rendered":"\n<p>El expresidente&nbsp;<strong>Mauricio Macri<\/strong>&nbsp;estuvo como invitado en el programa \u201cLa Noche de Mirtha\u201d (<em>eltrece<\/em>), ahora con&nbsp;<strong>Juanita Viale<\/strong>&nbsp;como conductora, y all\u00ed habl\u00f3 sobre la presidencia de&nbsp;<strong>Alberto Fern\u00e1ndez<\/strong>, el manejo de la pandemia, y diversos temas de coyuntura.<\/p>\n\n\n\n<p>El referente de Juntos por el Cambio afirm\u00f3 en di\u00e1logo con la nieta de Mirtha que el presidente\u00a0<strong>Alberto Fern\u00e1ndez<\/strong>\u00a0<strong>\u201cnunca tuvo la autoridad\u201d<\/strong>\u00a0y que quien gobierna es la vicepresidenta\u00a0<strong>Cristina Fern\u00e1ndez de Kirchner<\/strong>. \u201cEl kirchnerismo tiene secuestrado al peronismo hace muchos a\u00f1os, a tal punto que ella dispuso qui\u00e9n iba a ser el presidente. Hubo gente inteligente que dec\u00eda que \u00e9l iba a tener la autoridad y\u00a0<strong>nunca la tuvo<\/strong>\u201d, manifest\u00f3.<\/p>\n\n\n\n<p>Tambi\u00e9n afirm\u00f3 que \u201c<strong>el cambio es posible y est\u00e1 comenzando\u201d<\/strong>. \u201cVamos a entrar en una etapa muy buena del pa\u00eds. Soy pesimista en el corto plazo, pero optimista en el largo plazo. Estamos en un camino de aprendizaje\u201d, asegur\u00f3 y agreg\u00f3 que hoy por hoy \u201cni piensa en ser presidente\u201d.<\/p>\n\n\n\n<p>\u201c<strong>La democracia est\u00e1 en riesgo todos los d\u00edas,<\/strong>\u00a0porque los dirigentes minan el sistema. Van demoliendo el esquema institucional. Los golpes de estado con tanques, violentos, no existen m\u00e1s.En Argentina hay un Estado que te quiere avasallar\u201d, afirm\u00f3.<\/p>\n\n\n\n<p>Sobre el panorama pol\u00edtico, dijo: \u201c<strong>El cambio est\u00e1 comenzando en la Argentina, soy pesimista en el corto plazo pero optimista en el largo plazo.<\/strong>&nbsp;De este aprendizaje nos permite, cuando volvamos al poder hacer las cosas mucho mejor, ya comenz\u00f3 el segundo tiempo\u201d, afirm\u00f3 en referencia a su libro, titulado \u201cPrimer Tiempo\u201d.<\/p>\n\n\n\n<p>El expresidente tambi\u00e9n cuestion\u00f3 a Alberto Fern\u00e1ndez por el manejo de la pandemia y dijo que \u201cla cuarentena eterna, que fue realmente muy da\u00f1ina, termin\u00f3 con las reservas psicol\u00f3gica f\u00edsica y econ\u00f3mica de la sociedad\u201d.<\/p>\n","protected":false},"excerpt":{"rendered":"<p>El expresidente estuvo como invitado en \u201cLa Noche de Mirtha\u201d.<\/p>\n","protected":false},"author":2,"featured_media":22521,"comment_status":"open","ping_status":"open","sticky":false,"template":"","format":"standard","meta":{"om_disable_all_campaigns":false,"_monsterinsights_skip_tracking":false,"_monsterinsights_sitenote_active":false,"_monsterinsights_sitenote_note":"","_monsterinsights_sitenote_category":0,"_uf_show_specific_survey":0,"_uf_disable_surveys":false,"jetpack_post_was_ever_published":false,"_jetpack_newsletter_access":"","_jetpack_dont_email_post_to_subs":false,"_jetpack_newsletter_tier_id":0,"_jetpack_memberships_contains_paywalled_content":false,"_jetpack_memberships_contains_paid_content":false,"footnotes":"","jetpack_publicize_message":"","jetpack_publicize_feature_enabled":true,"jetpack_social_post_already_shared":false,"jetpack_social_options":{"image_generator_settings":{"template":"highway","default_image_id":0,"font":"","enabled":false},"version":2}},"categories":[20],"tags":[],"class_list":["post-22520","post","type-post","status-publish","format-standard","has-post-thumbnail","hentry","category-especysociales"],"aioseo_notices":[],"views":6,"jetpack_publicize_connections":[],"jetpack_featured_media_url":"https:\/\/i0.wp.com\/elterritorialweb.com.ar\/web\/wp-content\/uploads\/2021\/05\/BI4AKMEQHVBRJBB67O7PHWFV5E.jpg?fit=1309%2C769&ssl=1","jetpack_sharing_enabled":true,"_links":{"self":[{"href":"https:\/\/elterritorialweb.com.ar\/web\/wp-json\/wp\/v2\/posts\/22520","targetHints":{"allow":["GET"]}}],"collection":[{"href":"https:\/\/elterritorialweb.com.ar\/web\/wp-json\/wp\/v2\/posts"}],"about":[{"href":"https:\/\/elterritorialweb.com.ar\/web\/wp-json\/wp\/v2\/types\/post"}],"author":[{"embeddable":true,"href":"https:\/\/elterritorialweb.com.ar\/web\/wp-json\/wp\/v2\/users\/2"}],"replies":[{"embeddable":true,"href":"https:\/\/elterritorialweb.com.ar\/web\/wp-json\/wp\/v2\/comments?post=22520"}],"version-history":[{"count":1,"href":"https:\/\/elterritorialweb.com.ar\/web\/wp-json\/wp\/v2\/posts\/22520\/revisions"}],"predecessor-version":[{"id":22522,"href":"https:\/\/elterritorialweb.com.ar\/web\/wp-json\/wp\/v2\/posts\/22520\/revisions\/22522"}],"wp:featuredmedia":[{"embeddable":true,"href":"https:\/\/elterritorialweb.com.ar\/web\/wp-json\/wp\/v2\/media\/22521"}],"wp:attachment":[{"href":"https:\/\/elterritorialweb.com.ar\/web\/wp-json\/wp\/v2\/media?parent=22520"}],"wp:term":[{"taxonomy":"category","embeddable":true,"href":"https:\/\/elterritorialweb.com.ar\/web\/wp-json\/wp\/v2\/categories?post=22520"},{"taxonomy":"post_tag","embeddable":true,"href":"https:\/\/elterritorialweb.com.ar\/web\/wp-json\/wp\/v2\/tags?post=22520"}],"curies":[{"name":"wp","href":"https:\/\/api.w.org\/{rel}","templated":true}]}}