{"id":22523,"date":"2021-05-30T03:15:12","date_gmt":"2021-05-30T03:15:12","guid":{"rendered":"http:\/\/elterritorialweb.com.ar\/web\/?p=22523"},"modified":"2021-06-01T18:34:14","modified_gmt":"2021-06-01T18:34:14","slug":"cronograma-de-vacunacion-de-la-semana-del-31-de-mayo-al-4-de-junio","status":"publish","type":"post","link":"https:\/\/elterritorialweb.com.ar\/web\/cronograma-de-vacunacion-de-la-semana-del-31-de-mayo-al-4-de-junio\/","title":{"rendered":"CRONOGRAMA DE VACUNACI\u00d3N DE LA SEMANA DEL 31 DE MAYO AL 4 DE JUNIO"},"content":{"rendered":"\n<p><strong>PERSONAS DE 55 A 59 A\u00d1OS nacidas en los a\u00f1os 1961-1962-1963-1964-1965&nbsp; (Primera Dosis)<\/strong><\/p>\n\n\n\n<p><strong>Lunes 31 de Mayo y Martes 1 de Junio.<\/strong><\/p>\n\n\n\n<p><strong>CIUDAD CAPITA<\/strong>L de 8 a 14.00 hs. en los siguientes lugares:<\/p>\n\n\n\n<ul class=\"wp-block-list\"><li>Club Coronel Borges<\/li><li>Club Nicolas Avellaneda<\/li><li>Club De Veteranos<\/li><li>Club Belgrano<\/li><li>Club Dorrego<\/li><li>Club Alte Brown<\/li><li>Cic Campo Contreras<\/li><\/ul>\n\n\n\n<p><strong>CIUDAD DE LA BANDA d<\/strong>e&nbsp; 8 a las 14 hs en los siguientes lugares:<\/p>\n\n\n\n<ul class=\"wp-block-list\"><li>Club Ol\u00edmpico<\/li><li>Centro Recreativo<\/li><li>Club Tiro Federal<\/li><\/ul>\n\n\n\n<p><strong>Los turnos para personas de 55 a 59 a\u00f1os de Capital y La Banda ya est\u00e1n disponibles en&nbsp;<a rel=\"noreferrer noopener\" href=\"https:\/\/vacunarse.sde.gob.ar\/?fbclid=IwAR1bWa4r_l-YAa4S8SnJ5nqxonG7NkJ3Z948uznyErWyIqRJvLnUPEzNsrc\" target=\"_blank\">https:\/\/vacunarse.sde.gob.ar\/<\/a>. No hace falta registrarse!<\/strong><\/p>\n\n\n\n<p><strong>PERSONAS DE 50 A 54 A\u00d1OS \u2013 (Primera Dosis)<\/strong><\/p>\n\n\n\n<p>Las personas de 50 a 54 a\u00f1os que residen en Capital y La Banda se vacunar\u00e1n con primera dosis los d\u00edas<strong>&nbsp;mi\u00e9rcoles 2 y jueves 3 de junio<\/strong>. Se anunciar\u00e1 en breve la programaci\u00f3n de turnos.<\/p>\n\n\n\n<p><strong>PERSONAS DE 50 A 59 A\u00d1OS \u2013 (Primera Dosis)<\/strong><\/p>\n\n\n\n<p><strong>CIUDAD DE TERMAS DE RIO HONDO:<\/strong>&nbsp;mi\u00e9rcoles 2, Jueves 3 y viernes 4 de junio. Centro Cultural Gral San Mart\u00edn de 8 a17 hs<\/p>\n\n\n\n<p><strong>CIUDAD DE FRIAS: j<\/strong>ueves 3 y viernes 4 de Junio. Club Central C\u00f3rdoba de 8 a 17 hs<\/p>\n\n\n\n<p><strong>A\u00d1ATUYA:&nbsp;<\/strong>jueves 3 y viernes 4 de Junio. Centro de Convenciones de A\u00f1atuya de 8 a 17 hs<\/p>\n\n\n\n<p><strong>LOS JURIES:&nbsp;<\/strong>jueves 3 y viernes 4 de Junio. Club F\u00fatbol y Biblioteca Los Jur\u00edes de 8 a 13 hs<\/p>\n\n\n\n<p><strong>FERNANDEZ:&nbsp;<\/strong>jueves 3 y viernes 4 de Junio. Club Independiente de 8 a 14 hs<\/p>\n\n\n\n<p><strong>FORRES: j<\/strong>ueves 3 y viernes 4 de Junio. CIC Forres de 8 a 13 hs<\/p>\n\n\n\n<p><strong>BELTRAN:<\/strong>&nbsp; jueves 3 y viernes 4 de Junio. Polideportivo Beltr\u00e1n de 8 a 13 hs<\/p>\n\n\n\n<p><strong>PERSONAS CON FACTORES DE RIESGO 18 A 59 A\u00d1OS \u2013 (Segunda Dosis) Que se vacunaron con primera dosis los d\u00edas 29 y 30 de abril<\/strong><\/p>\n\n\n\n<p><strong>CIUDAD CAPITAL<\/strong><\/p>\n\n\n\n<p>Jueves 3 y viernes 4 de Junio<\/p>\n\n\n\n<p><strong>MAYORES DE 60 A\u00d1OS (Segunda Dosis)<\/strong><\/p>\n\n\n\n<p><strong>Ciudad de Ojo de Agua<\/strong><\/p>\n\n\n\n<p>31\/05 y 1\/06 \u2013 Sede social Club Instituto De 9 a 14<\/p>\n\n\n\n<p><strong>PERSONAS CON FACTORES DE RIESGO 18 A 59 A\u00d1OS (primera Dosis)<\/strong><\/p>\n\n\n\n<p><strong>DEPTO. BELGRANO<\/strong><\/p>\n\n\n\n<p>Ciudad de Bandera<\/p>\n\n\n\n<p>31\/05&nbsp; \u2013 Centro Cultural de 8 a 13 horas<\/p>\n\n\n\n<p><strong>DOCENTES SECUNDARIOS (primera dosis)<\/strong><\/p>\n\n\n\n<p><strong>La Banda:&nbsp;<\/strong>Lunes 31 de Mayo en Escuelas J. Gorostiaga y Mariano Moreno. Los docentes son notificados por las autoridades educativas<\/p>\n\n\n\n<p>En cuanto a las personas con&nbsp;<strong>obesidad&nbsp;<\/strong>como factor de riesgo , que no se registraron en VACUNARSE hasta el 19 de mayo, y que asistieron a una UPA o CAPS donde fue diagnosticado con Obesidad grado 2 o 3, el equipo de salud le otorgar\u00e1 un turno con horario y lugar donde ser\u00e1 vacunado. Esta estrategia continuar\u00e1 en todas las UPA, CAPS o CAMMS y en los Hospitales del interior.<\/p>\n","protected":false},"excerpt":{"rendered":"<p>Informe del Ministerio de Salud de la provincia de Santiago del Estero.<\/p>\n","protected":false},"author":2,"featured_media":22524,"comment_status":"open","ping_status":"open","sticky":false,"template":"","format":"standard","meta":{"om_disable_all_campaigns":false,"_monsterinsights_skip_tracking":false,"_monsterinsights_sitenote_active":false,"_monsterinsights_sitenote_note":"","_monsterinsights_sitenote_category":0,"_uf_show_specific_survey":0,"_uf_disable_surveys":false,"jetpack_post_was_ever_published":false,"_jetpack_newsletter_access":"","_jetpack_dont_email_post_to_subs":false,"_jetpack_newsletter_tier_id":0,"_jetpack_memberships_contains_paywalled_content":false,"_jetpack_memberships_contains_paid_content":false,"footnotes":"","jetpack_publicize_message":"","jetpack_publicize_feature_enabled":true,"jetpack_social_post_already_shared":false,"jetpack_social_options":{"image_generator_settings":{"template":"highway","default_image_id":0,"font":"","enabled":false},"version":2}},"categories":[3],"tags":[],"class_list":["post-22523","post","type-post","status-publish","format-standard","has-post-thumbnail","hentry","category-salud"],"aioseo_notices":[],"views":25,"jetpack_publicize_connections":[],"jetpack_featured_media_url":"https:\/\/i0.wp.com\/elterritorialweb.com.ar\/web\/wp-content\/uploads\/2021\/05\/vacunacion18a59-1.jpg?fit=2000%2C1500&ssl=1","jetpack_sharing_enabled":true,"_links":{"self":[{"href":"https:\/\/elterritorialweb.com.ar\/web\/wp-json\/wp\/v2\/posts\/22523","targetHints":{"allow":["GET"]}}],"collection":[{"href":"https:\/\/elterritorialweb.com.ar\/web\/wp-json\/wp\/v2\/posts"}],"about":[{"href":"https:\/\/elterritorialweb.com.ar\/web\/wp-json\/wp\/v2\/types\/post"}],"author":[{"embeddable":true,"href":"https:\/\/elterritorialweb.com.ar\/web\/wp-json\/wp\/v2\/users\/2"}],"replies":[{"embeddable":true,"href":"https:\/\/elterritorialweb.com.ar\/web\/wp-json\/wp\/v2\/comments?post=22523"}],"version-history":[{"count":1,"href":"https:\/\/elterritorialweb.com.ar\/web\/wp-json\/wp\/v2\/posts\/22523\/revisions"}],"predecessor-version":[{"id":22526,"href":"https:\/\/elterritorialweb.com.ar\/web\/wp-json\/wp\/v2\/posts\/22523\/revisions\/22526"}],"wp:featuredmedia":[{"embeddable":true,"href":"https:\/\/elterritorialweb.com.ar\/web\/wp-json\/wp\/v2\/media\/22524"}],"wp:attachment":[{"href":"https:\/\/elterritorialweb.com.ar\/web\/wp-json\/wp\/v2\/media?parent=22523"}],"wp:term":[{"taxonomy":"category","embeddable":true,"href":"https:\/\/elterritorialweb.com.ar\/web\/wp-json\/wp\/v2\/categories?post=22523"},{"taxonomy":"post_tag","embeddable":true,"href":"https:\/\/elterritorialweb.com.ar\/web\/wp-json\/wp\/v2\/tags?post=22523"}],"curies":[{"name":"wp","href":"https:\/\/api.w.org\/{rel}","templated":true}]}}