{"id":22527,"date":"2021-05-30T03:37:50","date_gmt":"2021-05-30T03:37:50","guid":{"rendered":"http:\/\/elterritorialweb.com.ar\/web\/?p=22527"},"modified":"2021-05-30T03:37:51","modified_gmt":"2021-05-30T03:37:51","slug":"esteban-bullrich-cristina-kirchner-me-llamo-y-yo-me-emocione-hablando-con-ella","status":"publish","type":"post","link":"https:\/\/elterritorialweb.com.ar\/web\/esteban-bullrich-cristina-kirchner-me-llamo-y-yo-me-emocione-hablando-con-ella\/","title":{"rendered":"ESTEBAN BULLRICH: \u00abCRISTINA KIRCHNER ME LLAMO Y YO ME EMOCION\u00c9 HABLANDO CON ELLA\u00bb"},"content":{"rendered":"\n<p>Hace alrededor de un mes, el senador nacional de Juntos por el Cambio,&nbsp;<strong>Esteban Bullrich<\/strong>, confirm\u00f3&nbsp;su&nbsp;<strong>diagn\u00f3stico de Esclerosis Lateral Amiotr\u00f3fica&nbsp;(ELA),&nbsp;una enfermedad neurodegenerativa que le provoca par\u00e1lisis muscular y le afecta el habla<\/strong>. Pese a eso, asegur\u00f3 que continuar\u00e1 con sus funciones en el Congreso.<\/p>\n\n\n\n<p>En una entrevista con&nbsp;<em>CNN en Espa\u00f1ol<\/em>, Bullrich se refiri\u00f3 a las&nbsp;<strong>etapas an\u00edmicas<\/strong>&nbsp;que fue pasando cuando recibi\u00f3 el diagn\u00f3stico, luego de varios meses de estudios para determinar su condici\u00f3n.&nbsp;<strong>\u201cEl enojo me cost\u00f3 m\u00e1s que la angustia, pero ahora estoy en paz\u201d,<\/strong>&nbsp;resumi\u00f3.<\/p>\n\n\n\n<p>\u201cCuando uno se entera que est\u00e1 enfermo de una enfermedad como la ELA, pasa por etapas. Tuve una etapa de&nbsp;<strong>angustia<\/strong>, mucha. \u00bfQu\u00e9 me pierdo? Que&nbsp;<strong>no voy a poder entrar con mis hijas a la iglesia<\/strong>, por ejemplo. Esa es la primera reacci\u00f3n\u201d, dijo Bullrich, en referencia al futuro casamiento de sus hijas. \u201cLa siguiente, es el&nbsp;<strong>enojo<\/strong>. El enojo me cost\u00f3 m\u00e1s que la angustia porque no le encontraba la vuelta.&nbsp;<strong>Ahora estoy en paz<\/strong>\u201d, agreg\u00f3.<\/p>\n\n\n\n<p>Bullrich tambi\u00e9n se refiri\u00f3 a&nbsp;<a href=\"https:\/\/tn.com.ar\/politica\/2021\/04\/28\/mauricio-macri-le-envio-fuerzas-a-esteban-bullrich-con-un-sentido-mensaje\/\">la solidaridad que expres\u00f3 el arco pol\u00edtico<\/a>&nbsp;ante la&nbsp;<strong>confirmaci\u00f3n de su diagn\u00f3stico.&nbsp;<\/strong>En relaci\u00f3n al mensaje que la vicepresidenta&nbsp;<a href=\"https:\/\/tn.com.ar\/politica\/2021\/04\/28\/el-mensaje-de-cristina-kirchner-a-esteban-bullrich-que-tiene-ela-dios-le-dara-la-fortaleza-necesaria\/\"><strong>Cristina Kirchner<\/strong>&nbsp;comparti\u00f3 en sus redes sociales<\/a>, el senador cont\u00f3 que tambi\u00e9n hablaron por tel\u00e9fono. \u201c<strong>Me llam\u00f3 y yo me emocion\u00e9&nbsp;<\/strong>hablando con ella. Hablamos de la fe. De lo importante que es la fe para crecer en todo momento\u201d, afirm\u00f3.<\/p>\n\n\n\n<p>Al momento de anunciar su diagn\u00f3stico, Bullrich,&nbsp;<strong>cat\u00f3lico practicante<\/strong>, tambi\u00e9n se refugio en sus creencias. \u201cCreo que&nbsp;<strong>Dios nunca nos pone pruebas que no podamos superar<\/strong>. \u00c9l hace nuevas todas las cosas, conf\u00edo en \u00c9l\u201d, expres\u00f3 en una carta p\u00fablica. De todos modos, hab\u00eda manifestado que su nueva condici\u00f3n no lo definir\u00eda y que&nbsp;<strong>seguir\u00eda adelante con su vida<\/strong>, a la que calific\u00f3 como feliz y maravillosa.<\/p>\n","protected":false},"excerpt":{"rendered":"<p>En una entrevista, el senador nacional de Juntos por el Cambio se refiri\u00f3 a su reacci\u00f3n al descubrir que padece Esclerosis Lateral Amiotr\u00f3fica (ELA ). De qu\u00e9 habl\u00f3 con la Vicepresidenta.<\/p>\n","protected":false},"author":2,"featured_media":22528,"comment_status":"open","ping_status":"open","sticky":false,"template":"","format":"standard","meta":{"om_disable_all_campaigns":false,"_monsterinsights_skip_tracking":false,"_monsterinsights_sitenote_active":false,"_monsterinsights_sitenote_note":"","_monsterinsights_sitenote_category":0,"_uf_show_specific_survey":0,"_uf_disable_surveys":false,"jetpack_post_was_ever_published":false,"_jetpack_newsletter_access":"","_jetpack_dont_email_post_to_subs":false,"_jetpack_newsletter_tier_id":0,"_jetpack_memberships_contains_paywalled_content":false,"_jetpack_memberships_contains_paid_content":false,"footnotes":"","jetpack_publicize_message":"","jetpack_publicize_feature_enabled":true,"jetpack_social_post_already_shared":false,"jetpack_social_options":{"image_generator_settings":{"template":"highway","default_image_id":0,"font":"","enabled":false},"version":2}},"categories":[7],"tags":[],"class_list":["post-22527","post","type-post","status-publish","format-standard","has-post-thumbnail","hentry","category-nacionales"],"aioseo_notices":[],"views":10,"jetpack_publicize_connections":[],"jetpack_featured_media_url":"https:\/\/i0.wp.com\/elterritorialweb.com.ar\/web\/wp-content\/uploads\/2021\/05\/E2l5AZnWYAgQWD0.jpeg?fit=680%2C383&ssl=1","jetpack_sharing_enabled":true,"_links":{"self":[{"href":"https:\/\/elterritorialweb.com.ar\/web\/wp-json\/wp\/v2\/posts\/22527","targetHints":{"allow":["GET"]}}],"collection":[{"href":"https:\/\/elterritorialweb.com.ar\/web\/wp-json\/wp\/v2\/posts"}],"about":[{"href":"https:\/\/elterritorialweb.com.ar\/web\/wp-json\/wp\/v2\/types\/post"}],"author":[{"embeddable":true,"href":"https:\/\/elterritorialweb.com.ar\/web\/wp-json\/wp\/v2\/users\/2"}],"replies":[{"embeddable":true,"href":"https:\/\/elterritorialweb.com.ar\/web\/wp-json\/wp\/v2\/comments?post=22527"}],"version-history":[{"count":1,"href":"https:\/\/elterritorialweb.com.ar\/web\/wp-json\/wp\/v2\/posts\/22527\/revisions"}],"predecessor-version":[{"id":22529,"href":"https:\/\/elterritorialweb.com.ar\/web\/wp-json\/wp\/v2\/posts\/22527\/revisions\/22529"}],"wp:featuredmedia":[{"embeddable":true,"href":"https:\/\/elterritorialweb.com.ar\/web\/wp-json\/wp\/v2\/media\/22528"}],"wp:attachment":[{"href":"https:\/\/elterritorialweb.com.ar\/web\/wp-json\/wp\/v2\/media?parent=22527"}],"wp:term":[{"taxonomy":"category","embeddable":true,"href":"https:\/\/elterritorialweb.com.ar\/web\/wp-json\/wp\/v2\/categories?post=22527"},{"taxonomy":"post_tag","embeddable":true,"href":"https:\/\/elterritorialweb.com.ar\/web\/wp-json\/wp\/v2\/tags?post=22527"}],"curies":[{"name":"wp","href":"https:\/\/api.w.org\/{rel}","templated":true}]}}